{"id":35147,"date":"2018-06-21T20:41:11","date_gmt":"2018-06-21T23:41:11","guid":{"rendered":"https:\/\/eldiariodesanpedro.com.ar\/sitio\/?p=35147"},"modified":"2018-06-21T20:41:11","modified_gmt":"2018-06-21T23:41:11","slug":"santa-lucia-tendra-su-comite-de-defensa-civil","status":"publish","type":"post","link":"https:\/\/eldiariodesanpedro.com.ar\/sitio\/santa-lucia-tendra-su-comite-de-defensa-civil\/","title":{"rendered":"Santa Luc\u00eda tendr\u00e1 su Comit\u00e9 de Defensa Civil"},"content":{"rendered":"<p><!-- VideographyWP Plugin Message: Automatic video embedding prevented by plugin options. --><br \/>\nMediante un trabajo en conjunto de la Delegaci\u00f3n Municipal con Bomberos, Polic\u00eda y el Hospital, Santa Luc\u00eda podr\u00eda tener su delegaci\u00f3n de Defensa Civil. <\/p>\n<p>  La comunidad de Santa Luc\u00eda comenz\u00f3 a dar los primeros pasos para contar con un Comit\u00e9 Local de Defensa Civil que tenga representatividad de los diferentes sectores que deben alinearse e intervenir ante situaciones de emergencia.<br \/>\n  En la primera reuni\u00f3n oficial para la articulaci\u00f3n de este grupo coordinado desde la Delegaci\u00f3n Municipal a cargo de Luis Caram\u00fan, participaron representantes del Hospital, Bomberos y Polic\u00eda. <\/p>\n<p>  A partir de este momento en aquellas situaciones en las que sea necesario el grupo tomar\u00e1 intervenci\u00f3n para gestionar las acciones correspondientes.<\/p>\n<p>Fuente: San Pedro Informa<\/p>\n","protected":false},"excerpt":{"rendered":"<p>Mediante un trabajo en conjunto de la Delegaci\u00f3n Municipal con Bomberos, Polic\u00eda y el Hospital, Santa Luc\u00eda podr\u00eda tener su delegaci\u00f3n de Defensa Civil. La comunidad de Santa Luc\u00eda comenz\u00f3 a dar los primeros pasos para contar con un Comit\u00e9 Local de Defensa Civil que tenga representatividad de los diferentes sectores que deben alinearse e [&hellip;]<\/p>\n","protected":false},"author":4,"featured_media":35148,"comment_status":"open","ping_status":"closed","sticky":false,"template":"","format":"standard","meta":{"om_disable_all_campaigns":false,"_jetpack_memberships_contains_paid_content":false,"footnotes":""},"categories":[101,2],"tags":[],"class_list":["post-35147","post","type-post","status-publish","format-standard","has-post-thumbnail","hentry","category-interes-general-locales","category-locales"],"aioseo_notices":[],"gutentor_comment":0,"jetpack_featured_media_url":"https:\/\/eldiariodesanpedro.com.ar\/sitio\/wp-content\/uploads\/2018\/06\/Santa-Luc\u00eda-tendr\u00e1-su-Comit\u00e9-de-Defensa-Civil.jpg","jetpack_shortlink":"https:\/\/wp.me\/p6RhLt-98T","jetpack_sharing_enabled":true,"_links":{"self":[{"href":"https:\/\/eldiariodesanpedro.com.ar\/sitio\/wp-json\/wp\/v2\/posts\/35147","targetHints":{"allow":["GET"]}}],"collection":[{"href":"https:\/\/eldiariodesanpedro.com.ar\/sitio\/wp-json\/wp\/v2\/posts"}],"about":[{"href":"https:\/\/eldiariodesanpedro.com.ar\/sitio\/wp-json\/wp\/v2\/types\/post"}],"author":[{"embeddable":true,"href":"https:\/\/eldiariodesanpedro.com.ar\/sitio\/wp-json\/wp\/v2\/users\/4"}],"replies":[{"embeddable":true,"href":"https:\/\/eldiariodesanpedro.com.ar\/sitio\/wp-json\/wp\/v2\/comments?post=35147"}],"version-history":[{"count":1,"href":"https:\/\/eldiariodesanpedro.com.ar\/sitio\/wp-json\/wp\/v2\/posts\/35147\/revisions"}],"predecessor-version":[{"id":35149,"href":"https:\/\/eldiariodesanpedro.com.ar\/sitio\/wp-json\/wp\/v2\/posts\/35147\/revisions\/35149"}],"wp:featuredmedia":[{"embeddable":true,"href":"https:\/\/eldiariodesanpedro.com.ar\/sitio\/wp-json\/wp\/v2\/media\/35148"}],"wp:attachment":[{"href":"https:\/\/eldiariodesanpedro.com.ar\/sitio\/wp-json\/wp\/v2\/media?parent=35147"}],"wp:term":[{"taxonomy":"category","embeddable":true,"href":"https:\/\/eldiariodesanpedro.com.ar\/sitio\/wp-json\/wp\/v2\/categories?post=35147"},{"taxonomy":"post_tag","embeddable":true,"href":"https:\/\/eldiariodesanpedro.com.ar\/sitio\/wp-json\/wp\/v2\/tags?post=35147"}],"curies":[{"name":"wp","href":"https:\/\/api.w.org\/{rel}","templated":true}]}}