{"id":35144,"date":"2018-06-21T20:37:07","date_gmt":"2018-06-21T23:37:07","guid":{"rendered":"https:\/\/eldiariodesanpedro.com.ar\/sitio\/?p=35144"},"modified":"2018-06-21T20:37:07","modified_gmt":"2018-06-21T23:37:07","slug":"por-la-bajante-del-rio-un-barco-quedo-varado-en-el-puerto","status":"publish","type":"post","link":"https:\/\/eldiariodesanpedro.com.ar\/sitio\/por-la-bajante-del-rio-un-barco-quedo-varado-en-el-puerto\/","title":{"rendered":"Por la bajante del r\u00edo, un barco qued\u00f3 varado en el Puerto"},"content":{"rendered":"<p><!-- VideographyWP Plugin Message: Automatic video embedding prevented by plugin options. --><br \/>\nEl barco Knud Reefer deb\u00eda partir el martes desde el Puerto local, pero qued\u00f3 encallado en el muelle principal como consecuencia de la bajante del r\u00edo.<\/p>\n<p>  El buque frutero Knud Reefer arrib\u00f3 d\u00edas atr\u00e1s a la ciudad y deb\u00eda zarpar el martes con 8000 palets hacia Rusia, pero una pronunciada bajante del r\u00edo Paran\u00e1 hizo que el marco quede varado en el muelle principal del Puerto local y a\u00fan no ha podido ser removido del lugar.<\/p>\n<p>  Se aguarda la llegada de la escolta que permitir\u00e1 terminar de cargarlo con los 4000 palets que faltan y luego hacer que salga hacia la hidrov\u00eda. Aseguraron que en una semana el r\u00edo baj\u00f3 de 2,02 a 1,48 metros.<\/p>\n<p>Fuente: San Pedro Informa<\/p>\n","protected":false},"excerpt":{"rendered":"<p>El barco Knud Reefer deb\u00eda partir el martes desde el Puerto local, pero qued\u00f3 encallado en el muelle principal como consecuencia de la bajante del r\u00edo. El buque frutero Knud Reefer arrib\u00f3 d\u00edas atr\u00e1s a la ciudad y deb\u00eda zarpar el martes con 8000 palets hacia Rusia, pero una pronunciada bajante del r\u00edo Paran\u00e1 hizo [&hellip;]<\/p>\n","protected":false},"author":4,"featured_media":35145,"comment_status":"open","ping_status":"closed","sticky":false,"template":"","format":"standard","meta":{"om_disable_all_campaigns":false,"_jetpack_memberships_contains_paid_content":false,"footnotes":""},"categories":[101,2],"tags":[],"class_list":["post-35144","post","type-post","status-publish","format-standard","has-post-thumbnail","hentry","category-interes-general-locales","category-locales"],"aioseo_notices":[],"gutentor_comment":0,"jetpack_featured_media_url":"https:\/\/eldiariodesanpedro.com.ar\/sitio\/wp-content\/uploads\/2018\/06\/barco-KNUD_REEFER.jpg","jetpack_shortlink":"https:\/\/wp.me\/p6RhLt-98Q","jetpack_sharing_enabled":true,"_links":{"self":[{"href":"https:\/\/eldiariodesanpedro.com.ar\/sitio\/wp-json\/wp\/v2\/posts\/35144","targetHints":{"allow":["GET"]}}],"collection":[{"href":"https:\/\/eldiariodesanpedro.com.ar\/sitio\/wp-json\/wp\/v2\/posts"}],"about":[{"href":"https:\/\/eldiariodesanpedro.com.ar\/sitio\/wp-json\/wp\/v2\/types\/post"}],"author":[{"embeddable":true,"href":"https:\/\/eldiariodesanpedro.com.ar\/sitio\/wp-json\/wp\/v2\/users\/4"}],"replies":[{"embeddable":true,"href":"https:\/\/eldiariodesanpedro.com.ar\/sitio\/wp-json\/wp\/v2\/comments?post=35144"}],"version-history":[{"count":1,"href":"https:\/\/eldiariodesanpedro.com.ar\/sitio\/wp-json\/wp\/v2\/posts\/35144\/revisions"}],"predecessor-version":[{"id":35146,"href":"https:\/\/eldiariodesanpedro.com.ar\/sitio\/wp-json\/wp\/v2\/posts\/35144\/revisions\/35146"}],"wp:featuredmedia":[{"embeddable":true,"href":"https:\/\/eldiariodesanpedro.com.ar\/sitio\/wp-json\/wp\/v2\/media\/35145"}],"wp:attachment":[{"href":"https:\/\/eldiariodesanpedro.com.ar\/sitio\/wp-json\/wp\/v2\/media?parent=35144"}],"wp:term":[{"taxonomy":"category","embeddable":true,"href":"https:\/\/eldiariodesanpedro.com.ar\/sitio\/wp-json\/wp\/v2\/categories?post=35144"},{"taxonomy":"post_tag","embeddable":true,"href":"https:\/\/eldiariodesanpedro.com.ar\/sitio\/wp-json\/wp\/v2\/tags?post=35144"}],"curies":[{"name":"wp","href":"https:\/\/api.w.org\/{rel}","templated":true}]}}