{"id":35139,"date":"2018-06-21T13:41:25","date_gmt":"2018-06-21T16:41:25","guid":{"rendered":"https:\/\/eldiariodesanpedro.com.ar\/sitio\/?p=35139"},"modified":"2018-06-21T13:41:25","modified_gmt":"2018-06-21T16:41:25","slug":"baradero-el-instituto-ferrari-tuvo-la-intencion-de-expulsar-a-una-alumna-por-un-pensamiento-personal","status":"publish","type":"post","link":"https:\/\/eldiariodesanpedro.com.ar\/sitio\/baradero-el-instituto-ferrari-tuvo-la-intencion-de-expulsar-a-una-alumna-por-un-pensamiento-personal\/","title":{"rendered":"BARADERO: El Instituto Ferrari tuvo la intenci\u00f3n de expulsar a una alumna por un pensamiento personal"},"content":{"rendered":"<p><!-- VideographyWP Plugin Message: Automatic video embedding prevented by plugin options. --><br \/>\n El \u00faltimo viernes, se conocieron detalles de lo ocurrido con una alumna que asiste al 3er A\u00f1o del mismo establecimiento a causa de un trabajo pr\u00e1ctico que present\u00f3 en la c\u00e1tedra \u201cReligi\u00f3n\u201d, a lo que la profesora le rechaz\u00f3 el mismo por no compartir lo que reflejaba.<\/p>\n<p><img decoding=\"async\" data-attachment-id=\"35140\" data-permalink=\"https:\/\/eldiariodesanpedro.com.ar\/sitio\/baradero-el-instituto-ferrari-tuvo-la-intencion-de-expulsar-a-una-alumna-por-un-pensamiento-personal\/whatsapp-image-2018-06-17-at-6-42-19-pm-1\/\" data-orig-file=\"https:\/\/eldiariodesanpedro.com.ar\/sitio\/wp-content\/uploads\/2018\/06\/WhatsApp-Image-2018-06-17-at-6.42.19-PM-1.jpeg\" data-orig-size=\"631,511\" data-comments-opened=\"1\" data-image-meta=\"{&quot;aperture&quot;:&quot;0&quot;,&quot;credit&quot;:&quot;&quot;,&quot;camera&quot;:&quot;&quot;,&quot;caption&quot;:&quot;&quot;,&quot;created_timestamp&quot;:&quot;0&quot;,&quot;copyright&quot;:&quot;&quot;,&quot;focal_length&quot;:&quot;0&quot;,&quot;iso&quot;:&quot;0&quot;,&quot;shutter_speed&quot;:&quot;0&quot;,&quot;title&quot;:&quot;&quot;,&quot;orientation&quot;:&quot;0&quot;}\" data-image-title=\"WhatsApp-Image-2018-06-17-at-6.42.19-PM-1\" data-image-description=\"\" data-image-caption=\"\" data-large-file=\"https:\/\/eldiariodesanpedro.com.ar\/sitio\/wp-content\/uploads\/2018\/06\/WhatsApp-Image-2018-06-17-at-6.42.19-PM-1.jpeg\" data-src=\"https:\/\/eldiariodesanpedro.com.ar\/sitio\/wp-content\/uploads\/2018\/06\/WhatsApp-Image-2018-06-17-at-6.42.19-PM-1.jpeg\" alt=\"\" width=\"631\" height=\"511\" class=\"alignnone size-full wp-image-35140 lazyload\" data-srcset=\"https:\/\/eldiariodesanpedro.com.ar\/sitio\/wp-content\/uploads\/2018\/06\/WhatsApp-Image-2018-06-17-at-6.42.19-PM-1.jpeg 631w, https:\/\/eldiariodesanpedro.com.ar\/sitio\/wp-content\/uploads\/2018\/06\/WhatsApp-Image-2018-06-17-at-6.42.19-PM-1-300x243.jpeg 300w\" data-sizes=\"(max-width: 631px) 100vw, 631px\" src=\"data:image\/svg+xml;base64,PHN2ZyB3aWR0aD0iMSIgaGVpZ2h0PSIxIiB4bWxucz0iaHR0cDovL3d3dy53My5vcmcvMjAwMC9zdmciPjwvc3ZnPg==\" style=\"--smush-placeholder-width: 631px; --smush-placeholder-aspect-ratio: 631\/511;\" \/><\/p>\n<p>Por \u00e9sta foto, entre otros \u00edtems le denegaron el mismo, y las autoridades del lugar, le habr\u00edan insinuado que si no compart\u00edas las mismas normas religiosas que ellos, las puertas estaban abiertas para abandone la entidad educativa.<\/p>\n<p>Qu\u00e9 pas\u00f3. \u201cCuando salgo de la Escuela me encuentro con una alumna sola llorando, me acerco, le pregunto qu\u00e9 le pasaba, si hab\u00eda tenido alg\u00fan inconveniente, como estaba sola en la calle, me llamo la atenci\u00f3n, y me dice \u2018me echaron\u2019, como que la hab\u00edan invitado a retirarse.<br \/>\n\u00bfQu\u00e9 pas\u00f3, qu\u00e9 hiciste? Le dije, y me muestra un trabajo pr\u00e1ctico que era de acuerdo a los diez mandamientos, y la consigna de la docente era \u2018la interpretaci\u00f3n personal sobre los 10 mandamientos\u2019, ellos ten\u00edan que poner una opini\u00f3n desde su perspectiva, en santificar\u00e1s las fiestas ella puso el dibujo de un matrimonio igualitario y lo fundamenta con un escrito donde dice que si bien la Iglesia Cat\u00f3lica Apost\u00f3lica Romana estaba en contra de esa uni\u00f3n que se realiz\u00f3 en una Iglesia dinamarquesa en el a\u00f1o 2009 como un hecho sobre saliente por ser un acto dentro de un establecimiento religioso, entonces le pregunt\u00f3 \u2018\u00bfno lo evalu\u00f3?\u2019, \u2018no no, vio el dibujo y me dijo que era inaceptable y que vaya a hablar con el padre Lucas\u2019 y la docente le dijo que \u2018vaya a buscar otros horizontes porque si ella ten\u00eda ese pensamiento no pod\u00eda seguir estando en el establecimiento como alumna\u201d.<\/p>\n<p>Otro caso. \u201cLo que pas\u00f3 con la chica, me pas\u00f3 a mi previamente en otro contexto, porque fui yo a hablar con los directivos de la Escuela y me dijeron que para el a\u00f1o que viene hab\u00eda un plan donde se iba a invitar a todos los alumnos que estaban en desacuerdo con \u00e9ste perfil a buscar otras Escuelas, o sea, espec\u00edficamente no le iban a renovar la matr\u00edcula\u201d.<\/p>\n<p>Qu\u00e9 se hizo. \u201cLa nena estaba llorando desconsoladamente, muy amargada, una chica de 14 a\u00f1os no puede pasar por esa situaci\u00f3n. Llamo a la Inspectora de la DIPREGEB, Gabriela Aguirre, le comunico lo que me hab\u00eda pasado, y dijo que me esperaba en la oficina para que le firme un acta donde yo ten\u00eda que redactar paso a paso lo que hab\u00eda sucedido con \u00e9sta nena. Y oh sopresa, anterior a mi acababa de salir una madre que levant\u00f3 un acta sobre el mismo tema\u201d.<\/p>\n<p>M\u00e1s casos. \u201cYo igualmente recib\u00ed otras situaciones de persecuci\u00f3n en las redes sociales, yo no sabia pero hay una aplicaci\u00f3n en Instagram donde te sale si te realizan una captura de pantalla qui\u00e9n la hizo, y bueno han corroborado que el sacerdote hab\u00eda hecho las capturas de pantalla\u201d.<\/p>\n<p>Qu\u00e9 dice la ley. \u201cTodos los derechos del ni\u00f1o que est\u00e1n incluidos en la Constituci\u00f3n art\u00edculo 75, inciso 22, en la \u00faltima reforma del 94, donde habla de la libre expresi\u00f3n, donde habla precisamente de \u00e9ste tema y aparte ninguna normativa media o inferior puede superar a esa ley por m\u00e1s situaci\u00f3n interna que haya\u201d<\/p>\n<p>\u201cTengo para fundamentarlo, en la Escuela Mar\u00eda Auxiliadora de Rosario, se realiz\u00f3 hace un par de meses un pa\u00f1uelazo, pero el Mar\u00eda Auxiliadora es una Escuela Privada de una Congregaci\u00f3n de la Iglesia Cat\u00f3lica Apost\u00f3lica Romana donde un grupo de chicos se expresaron a favor de la despenalizaci\u00f3n del aborto, y la Escuela sac\u00f3 un comunicado diciendo que si bien la Escuela no estaba de acuerdo, o sea dejo sentada su postura, aceptaba que los chicos se puedan expresar libremente, o sea, el inter\u00e9s superior sobre pas\u00f3 las normas internas de la Escuela entonces el inter\u00e9s de \u00e9sta instituci\u00f3n pudo darle libertad a los chicos, \u00bfpor qu\u00e9 no s\u00e9 puede dar \u00e9ste mismo criterio aqu\u00ed en Baradero? O sea es una cuesti\u00f3n de voluntad, y tengo entendido que posteriormente no hubo ning\u00fan tipo de represalias de parte de la Iglesia Cat\u00f3lica respecto de las autoridades de esa Escuela\u201d.<\/p>\n<p>\u201cA m\u00ed la Inspectora Aguirre me dijo que de ninguna manera la Escuela puede invitar entre comillas a buscarse otra Escuela o a no renovarle la matr\u00edcula a los chicos\u201d<\/p>\n<p>Fuente: Baradero Hoy<\/p>\n","protected":false},"excerpt":{"rendered":"<p>El \u00faltimo viernes, se conocieron detalles de lo ocurrido con una alumna que asiste al 3er A\u00f1o del mismo establecimiento a causa de un trabajo pr\u00e1ctico que present\u00f3 en la c\u00e1tedra \u201cReligi\u00f3n\u201d, a lo que la profesora le rechaz\u00f3 el mismo por no compartir lo que reflejaba. Por \u00e9sta foto, entre otros \u00edtems le denegaron [&hellip;]<\/p>\n","protected":false},"author":4,"featured_media":35141,"comment_status":"open","ping_status":"closed","sticky":false,"template":"","format":"standard","meta":{"om_disable_all_campaigns":false,"_jetpack_memberships_contains_paid_content":false,"footnotes":""},"categories":[621],"tags":[],"class_list":["post-35139","post","type-post","status-publish","format-standard","has-post-thumbnail","hentry","category-regionales"],"aioseo_notices":[],"gutentor_comment":0,"jetpack_featured_media_url":"https:\/\/eldiariodesanpedro.com.ar\/sitio\/wp-content\/uploads\/2018\/06\/ferrari.jpg","jetpack_shortlink":"https:\/\/wp.me\/p6RhLt-98L","jetpack_sharing_enabled":true,"_links":{"self":[{"href":"https:\/\/eldiariodesanpedro.com.ar\/sitio\/wp-json\/wp\/v2\/posts\/35139","targetHints":{"allow":["GET"]}}],"collection":[{"href":"https:\/\/eldiariodesanpedro.com.ar\/sitio\/wp-json\/wp\/v2\/posts"}],"about":[{"href":"https:\/\/eldiariodesanpedro.com.ar\/sitio\/wp-json\/wp\/v2\/types\/post"}],"author":[{"embeddable":true,"href":"https:\/\/eldiariodesanpedro.com.ar\/sitio\/wp-json\/wp\/v2\/users\/4"}],"replies":[{"embeddable":true,"href":"https:\/\/eldiariodesanpedro.com.ar\/sitio\/wp-json\/wp\/v2\/comments?post=35139"}],"version-history":[{"count":1,"href":"https:\/\/eldiariodesanpedro.com.ar\/sitio\/wp-json\/wp\/v2\/posts\/35139\/revisions"}],"predecessor-version":[{"id":35142,"href":"https:\/\/eldiariodesanpedro.com.ar\/sitio\/wp-json\/wp\/v2\/posts\/35139\/revisions\/35142"}],"wp:featuredmedia":[{"embeddable":true,"href":"https:\/\/eldiariodesanpedro.com.ar\/sitio\/wp-json\/wp\/v2\/media\/35141"}],"wp:attachment":[{"href":"https:\/\/eldiariodesanpedro.com.ar\/sitio\/wp-json\/wp\/v2\/media?parent=35139"}],"wp:term":[{"taxonomy":"category","embeddable":true,"href":"https:\/\/eldiariodesanpedro.com.ar\/sitio\/wp-json\/wp\/v2\/categories?post=35139"},{"taxonomy":"post_tag","embeddable":true,"href":"https:\/\/eldiariodesanpedro.com.ar\/sitio\/wp-json\/wp\/v2\/tags?post=35139"}],"curies":[{"name":"wp","href":"https:\/\/api.w.org\/{rel}","templated":true}]}}