{"id":35119,"date":"2018-06-21T10:36:09","date_gmt":"2018-06-21T13:36:09","guid":{"rendered":"https:\/\/eldiariodesanpedro.com.ar\/sitio\/?p=35119"},"modified":"2018-06-21T10:36:09","modified_gmt":"2018-06-21T13:36:09","slug":"baradero-decretaron-un-aumento-del-43-en-la-vtv-bonaerense","status":"publish","type":"post","link":"https:\/\/eldiariodesanpedro.com.ar\/sitio\/baradero-decretaron-un-aumento-del-43-en-la-vtv-bonaerense\/","title":{"rendered":"BARADERO: Decretaron un aumento del 43% en la VTV bonaerense"},"content":{"rendered":"<p><!-- VideographyWP Plugin Message: Automatic video embedding prevented by plugin options. --><br \/>\nEl gobierno de la Provincia de Buenos Aires autoriz\u00f3 un incremento del 43% en el valor de la Verificaci\u00f3n T\u00e9cnica Vehicular (VTV), lo que lleva la tarifa b\u00e1sica de 615 a 877 pesos.<\/p>\n<p>El nuevo valor fue decretado a trav\u00e9s de una resoluci\u00f3n del Ministro de Infraestructura, Roberto Gigante, que fue publicada el martes en el Bolet\u00edn Oficial.<\/p>\n<p>En el documento la Provincia justific\u00f3 el ajuste a partir del \u201cincremento de costos de las operadoras VTV Norte SA, Applus Iteuve Argentina SA, ITV SA, ITEVEBA S.A, Concesionaria Zona 5 SA, Verauto La Plata SA, VTV Verifi caciones T\u00e9cnicas Vehiculares de Argentina SA y VTV Noroeste SA\u201d.<\/p>\n<p>\u201cEl valor m\u00e1ximo de la tarifa b\u00e1sica del servicio de VTV en la suma de $724,77 pesos m\u00e1s el Impuesto al Valor Agregado (IVA)\u201d, agrega el Bolet\u00edn Oficial. Este nuevo precio se aplica para los autos de hasta 2.500 kilos que tengan que efectuar la verificaci\u00f3n porque se les venci\u00f3 el tr\u00e1mite. En tanto, para quienes tienen la VTV vigente al momento de hacer la renovaci\u00f3n anual antes pagaban $568,24 y ahora deber\u00e1n abonar $811,21.<\/p>\n<p>De igual forma, la Provincia explic\u00f3 que en el aumento influy\u00f3 en un gran porcentaje el \u00edndice de actualizaci\u00f3n del Convenio Colectivo de Trabajo de SMATA \u2013 VTV y del 40% del \u201c\u00edndice de precios mayoristas nivel general\u201d desde la \u00faltima actualizaci\u00f3n, que fue en 2016 y rond\u00f3 el 22 por ciento.<\/p>\n<p>Por lo pronto resta establecer los aumentos del resto de las categor\u00edas del servicio: motoveh\u00edculo; veh\u00edculo de m\u00e1s de 2.500 kilos; remolques, semirremolques y acoplados de hasta 2.500 kilos, y remolques, semirremolques y acoplados de m\u00e1s de 2.500 kilos.<\/p>\n<p>El sistema de VTV es obligatorio por ley y abarca a todos los veh\u00edculos matriculados en la provincia de Buenos Aires. Los nuevos valores rigen a partir de ayer.<\/p>\n<p>Fuente: Infobae<\/p>\n","protected":false},"excerpt":{"rendered":"<p>El gobierno de la Provincia de Buenos Aires autoriz\u00f3 un incremento del 43% en el valor de la Verificaci\u00f3n T\u00e9cnica Vehicular (VTV), lo que lleva la tarifa b\u00e1sica de 615 a 877 pesos. El nuevo valor fue decretado a trav\u00e9s de una resoluci\u00f3n del Ministro de Infraestructura, Roberto Gigante, que fue publicada el martes en [&hellip;]<\/p>\n","protected":false},"author":4,"featured_media":35120,"comment_status":"open","ping_status":"closed","sticky":false,"template":"","format":"standard","meta":{"om_disable_all_campaigns":false,"_jetpack_memberships_contains_paid_content":false,"footnotes":""},"categories":[621],"tags":[],"class_list":["post-35119","post","type-post","status-publish","format-standard","has-post-thumbnail","hentry","category-regionales"],"aioseo_notices":[],"gutentor_comment":1,"jetpack_featured_media_url":"https:\/\/eldiariodesanpedro.com.ar\/sitio\/wp-content\/uploads\/2018\/06\/vtv_baradero_0.jpg","jetpack_shortlink":"https:\/\/wp.me\/p6RhLt-98r","jetpack_sharing_enabled":true,"_links":{"self":[{"href":"https:\/\/eldiariodesanpedro.com.ar\/sitio\/wp-json\/wp\/v2\/posts\/35119","targetHints":{"allow":["GET"]}}],"collection":[{"href":"https:\/\/eldiariodesanpedro.com.ar\/sitio\/wp-json\/wp\/v2\/posts"}],"about":[{"href":"https:\/\/eldiariodesanpedro.com.ar\/sitio\/wp-json\/wp\/v2\/types\/post"}],"author":[{"embeddable":true,"href":"https:\/\/eldiariodesanpedro.com.ar\/sitio\/wp-json\/wp\/v2\/users\/4"}],"replies":[{"embeddable":true,"href":"https:\/\/eldiariodesanpedro.com.ar\/sitio\/wp-json\/wp\/v2\/comments?post=35119"}],"version-history":[{"count":1,"href":"https:\/\/eldiariodesanpedro.com.ar\/sitio\/wp-json\/wp\/v2\/posts\/35119\/revisions"}],"predecessor-version":[{"id":35121,"href":"https:\/\/eldiariodesanpedro.com.ar\/sitio\/wp-json\/wp\/v2\/posts\/35119\/revisions\/35121"}],"wp:featuredmedia":[{"embeddable":true,"href":"https:\/\/eldiariodesanpedro.com.ar\/sitio\/wp-json\/wp\/v2\/media\/35120"}],"wp:attachment":[{"href":"https:\/\/eldiariodesanpedro.com.ar\/sitio\/wp-json\/wp\/v2\/media?parent=35119"}],"wp:term":[{"taxonomy":"category","embeddable":true,"href":"https:\/\/eldiariodesanpedro.com.ar\/sitio\/wp-json\/wp\/v2\/categories?post=35119"},{"taxonomy":"post_tag","embeddable":true,"href":"https:\/\/eldiariodesanpedro.com.ar\/sitio\/wp-json\/wp\/v2\/tags?post=35119"}],"curies":[{"name":"wp","href":"https:\/\/api.w.org\/{rel}","templated":true}]}}