{"id":35116,"date":"2018-06-21T10:32:05","date_gmt":"2018-06-21T13:32:05","guid":{"rendered":"https:\/\/eldiariodesanpedro.com.ar\/sitio\/?p=35116"},"modified":"2018-06-21T10:32:05","modified_gmt":"2018-06-21T13:32:05","slug":"ramallo-vuelco-en-el-acceso-a-villa-ramallo","status":"publish","type":"post","link":"https:\/\/eldiariodesanpedro.com.ar\/sitio\/ramallo-vuelco-en-el-acceso-a-villa-ramallo\/","title":{"rendered":"RAMALLO: Vuelco en el acceso a Villa Ramallo"},"content":{"rendered":"<p><!-- VideographyWP Plugin Message: Automatic video embedding prevented by plugin options. --><br \/>\nSe produjo el vuelco de un autom\u00f3vil Fiat Regatta en el acceso a Villa Ramallo desde el camino de la costa.<\/p>\n<p>Por razones que se tratan de establecer el conductor perdi\u00f3 el control del veh\u00edculo y luego de hacer una loca carrera sobre la banquina qued\u00f3 volcado dentro de una onda cuneta que sirve como desag\u00fce. En el auto se trasladaban cuatro personas, dos mayores y dos menores, quienes no sufrieron lesiones de gravedad, pero de igual manera fueron trasladados al hospital Gomendio, seg\u00fan se indic\u00f3 desde la comisar\u00eda Segunda. <\/p>\n<p>Fuente: Diario El Norte<\/p>\n","protected":false},"excerpt":{"rendered":"<p>Se produjo el vuelco de un autom\u00f3vil Fiat Regatta en el acceso a Villa Ramallo desde el camino de la costa. Por razones que se tratan de establecer el conductor perdi\u00f3 el control del veh\u00edculo y luego de hacer una loca carrera sobre la banquina qued\u00f3 volcado dentro de una onda cuneta que sirve como [&hellip;]<\/p>\n","protected":false},"author":4,"featured_media":35117,"comment_status":"open","ping_status":"closed","sticky":false,"template":"","format":"standard","meta":{"om_disable_all_campaigns":false,"_jetpack_memberships_contains_paid_content":false,"footnotes":""},"categories":[621],"tags":[],"class_list":["post-35116","post","type-post","status-publish","format-standard","has-post-thumbnail","hentry","category-regionales"],"aioseo_notices":[],"gutentor_comment":0,"jetpack_featured_media_url":"https:\/\/eldiariodesanpedro.com.ar\/sitio\/wp-content\/uploads\/2018\/06\/elnorte5b2a688e8dffe_10-vuelco.jpg","jetpack_shortlink":"https:\/\/wp.me\/p6RhLt-98o","jetpack_sharing_enabled":true,"_links":{"self":[{"href":"https:\/\/eldiariodesanpedro.com.ar\/sitio\/wp-json\/wp\/v2\/posts\/35116","targetHints":{"allow":["GET"]}}],"collection":[{"href":"https:\/\/eldiariodesanpedro.com.ar\/sitio\/wp-json\/wp\/v2\/posts"}],"about":[{"href":"https:\/\/eldiariodesanpedro.com.ar\/sitio\/wp-json\/wp\/v2\/types\/post"}],"author":[{"embeddable":true,"href":"https:\/\/eldiariodesanpedro.com.ar\/sitio\/wp-json\/wp\/v2\/users\/4"}],"replies":[{"embeddable":true,"href":"https:\/\/eldiariodesanpedro.com.ar\/sitio\/wp-json\/wp\/v2\/comments?post=35116"}],"version-history":[{"count":1,"href":"https:\/\/eldiariodesanpedro.com.ar\/sitio\/wp-json\/wp\/v2\/posts\/35116\/revisions"}],"predecessor-version":[{"id":35118,"href":"https:\/\/eldiariodesanpedro.com.ar\/sitio\/wp-json\/wp\/v2\/posts\/35116\/revisions\/35118"}],"wp:featuredmedia":[{"embeddable":true,"href":"https:\/\/eldiariodesanpedro.com.ar\/sitio\/wp-json\/wp\/v2\/media\/35117"}],"wp:attachment":[{"href":"https:\/\/eldiariodesanpedro.com.ar\/sitio\/wp-json\/wp\/v2\/media?parent=35116"}],"wp:term":[{"taxonomy":"category","embeddable":true,"href":"https:\/\/eldiariodesanpedro.com.ar\/sitio\/wp-json\/wp\/v2\/categories?post=35116"},{"taxonomy":"post_tag","embeddable":true,"href":"https:\/\/eldiariodesanpedro.com.ar\/sitio\/wp-json\/wp\/v2\/tags?post=35116"}],"curies":[{"name":"wp","href":"https:\/\/api.w.org\/{rel}","templated":true}]}}