{"id":35103,"date":"2018-06-21T10:06:48","date_gmt":"2018-06-21T13:06:48","guid":{"rendered":"https:\/\/eldiariodesanpedro.com.ar\/sitio\/?p=35103"},"modified":"2018-06-21T10:21:31","modified_gmt":"2018-06-21T13:21:31","slug":"zarate-eliminan-otro-microbasural-en-zarate","status":"publish","type":"post","link":"https:\/\/eldiariodesanpedro.com.ar\/sitio\/zarate-eliminan-otro-microbasural-en-zarate\/","title":{"rendered":"Z\u00c1RATE: Eliminan otro microbasural en Z\u00e1rate"},"content":{"rendered":"<p><!-- VideographyWP Plugin Message: Automatic video embedding prevented by plugin options. --><br \/>\nEsta semana una cuadrilla que pertenece al programa Z\u00e1rate Limpio est\u00e1 trabajando en la limpieza del zanj\u00f3n ubicado en la intersecci\u00f3n de las calles 9 de Julio y General Paz. All\u00ed se desmalez\u00f3 y se retir\u00f3 una importante cantidad de basura.<\/p>\n<p>El objetivo no s\u00f3lo fue evitar la proliferaci\u00f3n de roedores y de vegetaci\u00f3n que obstaculizara el escurrimiento del agua, sino tambi\u00e9n brindar seguridad a los vecinos.<\/p>\n<p>De esta manera se est\u00e1 eliminando un microbasural que preocupaba a los vecinos de la zona. Desde el Municipio se solicita responsabilidad a los vecinos para que no arrojen basura dentro del ca\u00f1ad\u00f3n.<\/p>\n<p>Por otro lado, en la plaza ubicada sobre 9 de Julio se est\u00e1n realizando trabajos de limpieza, se arreglaron y pintaron los juegos, se desmalez\u00f3 la barranca y se est\u00e1 planificando la colocaci\u00f3n de una baranda para que la plaza tenga un mirador.<\/p>\n<p>Fuente: Enlace Critico<\/p>\n","protected":false},"excerpt":{"rendered":"<p>Esta semana una cuadrilla que pertenece al programa Z\u00e1rate Limpio est\u00e1 trabajando en la limpieza del zanj\u00f3n ubicado en la intersecci\u00f3n de las calles 9 de Julio y General Paz. All\u00ed se desmalez\u00f3 y se retir\u00f3 una importante cantidad de basura. El objetivo no s\u00f3lo fue evitar la proliferaci\u00f3n de roedores y de vegetaci\u00f3n que [&hellip;]<\/p>\n","protected":false},"author":4,"featured_media":35104,"comment_status":"open","ping_status":"closed","sticky":false,"template":"","format":"standard","meta":{"om_disable_all_campaigns":false,"_jetpack_memberships_contains_paid_content":false,"footnotes":""},"categories":[621],"tags":[],"class_list":["post-35103","post","type-post","status-publish","format-standard","has-post-thumbnail","hentry","category-regionales"],"aioseo_notices":[],"gutentor_comment":0,"jetpack_featured_media_url":"https:\/\/eldiariodesanpedro.com.ar\/sitio\/wp-content\/uploads\/2018\/06\/IMG_20180620_122556.jpg","jetpack_shortlink":"https:\/\/wp.me\/p6RhLt-98b","jetpack_sharing_enabled":true,"_links":{"self":[{"href":"https:\/\/eldiariodesanpedro.com.ar\/sitio\/wp-json\/wp\/v2\/posts\/35103","targetHints":{"allow":["GET"]}}],"collection":[{"href":"https:\/\/eldiariodesanpedro.com.ar\/sitio\/wp-json\/wp\/v2\/posts"}],"about":[{"href":"https:\/\/eldiariodesanpedro.com.ar\/sitio\/wp-json\/wp\/v2\/types\/post"}],"author":[{"embeddable":true,"href":"https:\/\/eldiariodesanpedro.com.ar\/sitio\/wp-json\/wp\/v2\/users\/4"}],"replies":[{"embeddable":true,"href":"https:\/\/eldiariodesanpedro.com.ar\/sitio\/wp-json\/wp\/v2\/comments?post=35103"}],"version-history":[{"count":2,"href":"https:\/\/eldiariodesanpedro.com.ar\/sitio\/wp-json\/wp\/v2\/posts\/35103\/revisions"}],"predecessor-version":[{"id":35112,"href":"https:\/\/eldiariodesanpedro.com.ar\/sitio\/wp-json\/wp\/v2\/posts\/35103\/revisions\/35112"}],"wp:featuredmedia":[{"embeddable":true,"href":"https:\/\/eldiariodesanpedro.com.ar\/sitio\/wp-json\/wp\/v2\/media\/35104"}],"wp:attachment":[{"href":"https:\/\/eldiariodesanpedro.com.ar\/sitio\/wp-json\/wp\/v2\/media?parent=35103"}],"wp:term":[{"taxonomy":"category","embeddable":true,"href":"https:\/\/eldiariodesanpedro.com.ar\/sitio\/wp-json\/wp\/v2\/categories?post=35103"},{"taxonomy":"post_tag","embeddable":true,"href":"https:\/\/eldiariodesanpedro.com.ar\/sitio\/wp-json\/wp\/v2\/tags?post=35103"}],"curies":[{"name":"wp","href":"https:\/\/api.w.org\/{rel}","templated":true}]}}