{"id":35102,"date":"2018-06-21T10:20:21","date_gmt":"2018-06-21T13:20:21","guid":{"rendered":"https:\/\/eldiariodesanpedro.com.ar\/sitio\/?p=35102"},"modified":"2018-06-21T16:00:24","modified_gmt":"2018-06-21T19:00:24","slug":"el-miedo-los-llevo-a-dejar-su-casa-y-se-la-usurparon","status":"publish","type":"post","link":"https:\/\/eldiariodesanpedro.com.ar\/sitio\/el-miedo-los-llevo-a-dejar-su-casa-y-se-la-usurparon\/","title":{"rendered":"El miedo los llev\u00f3 a dejar  su casa y se la usurparon"},"content":{"rendered":"<p><!-- VideographyWP Plugin Message: Automatic video embedding prevented by plugin options. --><br \/>\nUna familia dej\u00f3 su casa por unos d\u00edas  luego de ser atacada por un delincuente mientras dorm\u00edan el lunes pasado; al regresar constataron que  fue usurpada por otra familia.<\/p>\n<p>El grav\u00edsimo hecho  ocurri\u00f3 el lunes por la ma\u00f1ana cuando delincuentes ingresaron a una vivienda momentos en que se encontraba la familia durmiendo tras violentar la puerta de entrada de la casa, ubicada en calle Manuel Iglesias al 400.<\/p>\n<p>En el interior, una pareja y su hija de 19 a\u00f1os, fueron sorprendidas por delincuentes que los intimidaron mediante amenazas con armas de fuego y se apoderaron de tel\u00e9fonos celulares, una campera, las llaves y documentaci\u00f3n de una motocicleta y un Tv.<\/p>\n<p>Tras averiguaciones se pudo establecer la identidad de uno de ellos, Carlos Sa\u00fal Candiotti conocido como el \u201cLobiz\u00f3n\u201d de 26 a\u00f1os de edad.<\/p>\n<p>Este martes en horas de la tarde la UFI N\u00ba5 a cargo del Dr. Marcelo Manzo, orden\u00f3 el allanamiento y detenci\u00f3n por robo agravado por el uso de arma de fuego al delincuente identificado. La diligencia se realiz\u00f3 en el domicilio de Liniers al 1200, a pocas cuadras de haber cometido el hecho.<\/p>\n<p>Por este triste hecho, la familia fue quien decidi\u00f3 alejarse por unos d\u00edas de la casa donde al regresar encuentran que estaba siendo usurpada por otra familia.<\/p>\n<p>Se radic\u00f3 la denuncia en comisar\u00eda local dando conocimiento a la Fiscal\u00eda de turno, quien dispuso certificar a cada uno de los que se encuentra habitando la vivienda.<\/p>\n","protected":false},"excerpt":{"rendered":"<p>Una familia dej\u00f3 su casa por unos d\u00edas luego de ser atacada por un delincuente mientras dorm\u00edan el lunes pasado; al regresar constataron que fue usurpada por otra familia. El grav\u00edsimo hecho ocurri\u00f3 el lunes por la ma\u00f1ana cuando delincuentes ingresaron a una vivienda momentos en que se encontraba la familia durmiendo tras violentar la [&hellip;]<\/p>\n","protected":false},"author":4,"featured_media":35109,"comment_status":"open","ping_status":"closed","sticky":false,"template":"","format":"standard","meta":{"om_disable_all_campaigns":false,"_jetpack_memberships_contains_paid_content":false,"footnotes":""},"categories":[2,103],"tags":[],"class_list":["post-35102","post","type-post","status-publish","format-standard","has-post-thumbnail","hentry","category-locales","category-policiales-locales"],"aioseo_notices":[],"gutentor_comment":0,"jetpack_featured_media_url":"https:\/\/eldiariodesanpedro.com.ar\/sitio\/wp-content\/uploads\/2018\/06\/usurpaci\u00f3n-300x211.jpg","jetpack_shortlink":"https:\/\/wp.me\/p6RhLt-98a","jetpack_sharing_enabled":true,"_links":{"self":[{"href":"https:\/\/eldiariodesanpedro.com.ar\/sitio\/wp-json\/wp\/v2\/posts\/35102","targetHints":{"allow":["GET"]}}],"collection":[{"href":"https:\/\/eldiariodesanpedro.com.ar\/sitio\/wp-json\/wp\/v2\/posts"}],"about":[{"href":"https:\/\/eldiariodesanpedro.com.ar\/sitio\/wp-json\/wp\/v2\/types\/post"}],"author":[{"embeddable":true,"href":"https:\/\/eldiariodesanpedro.com.ar\/sitio\/wp-json\/wp\/v2\/users\/4"}],"replies":[{"embeddable":true,"href":"https:\/\/eldiariodesanpedro.com.ar\/sitio\/wp-json\/wp\/v2\/comments?post=35102"}],"version-history":[{"count":1,"href":"https:\/\/eldiariodesanpedro.com.ar\/sitio\/wp-json\/wp\/v2\/posts\/35102\/revisions"}],"predecessor-version":[{"id":35111,"href":"https:\/\/eldiariodesanpedro.com.ar\/sitio\/wp-json\/wp\/v2\/posts\/35102\/revisions\/35111"}],"wp:featuredmedia":[{"embeddable":true,"href":"https:\/\/eldiariodesanpedro.com.ar\/sitio\/wp-json\/wp\/v2\/media\/35109"}],"wp:attachment":[{"href":"https:\/\/eldiariodesanpedro.com.ar\/sitio\/wp-json\/wp\/v2\/media?parent=35102"}],"wp:term":[{"taxonomy":"category","embeddable":true,"href":"https:\/\/eldiariodesanpedro.com.ar\/sitio\/wp-json\/wp\/v2\/categories?post=35102"},{"taxonomy":"post_tag","embeddable":true,"href":"https:\/\/eldiariodesanpedro.com.ar\/sitio\/wp-json\/wp\/v2\/tags?post=35102"}],"curies":[{"name":"wp","href":"https:\/\/api.w.org\/{rel}","templated":true}]}}