{"id":35100,"date":"2018-06-21T09:54:34","date_gmt":"2018-06-21T12:54:34","guid":{"rendered":"https:\/\/eldiariodesanpedro.com.ar\/sitio\/?p=35100"},"modified":"2018-06-21T09:54:34","modified_gmt":"2018-06-21T12:54:34","slug":"robo-a-una-vivienda","status":"publish","type":"post","link":"https:\/\/eldiariodesanpedro.com.ar\/sitio\/robo-a-una-vivienda\/","title":{"rendered":"Robo a una vivienda"},"content":{"rendered":"<p><!-- VideographyWP Plugin Message: Automatic video embedding prevented by plugin options. --><br \/>\nUna ciudadana propietaria de una vivienda ubicada en calle Gomendio al 200, denuncio en la dependencia local que al regresar a la casa, se encontr\u00f3 con que delincuentes hab\u00edan forzado la puerta delantera y le hab\u00edan sustra\u00eddo del interior un TV LED y un DVD.<\/p>\n<p>Al momento del ingreso de los malvivientes no se encontraban moradores en la vivienda.<\/p>\n","protected":false},"excerpt":{"rendered":"<p>Una ciudadana propietaria de una vivienda ubicada en calle Gomendio al 200, denuncio en la dependencia local que al regresar a la casa, se encontr\u00f3 con que delincuentes hab\u00edan forzado la puerta delantera y le hab\u00edan sustra\u00eddo del interior un TV LED y un DVD. Al momento del ingreso de los malvivientes no se encontraban [&hellip;]<\/p>\n","protected":false},"author":4,"featured_media":35055,"comment_status":"open","ping_status":"closed","sticky":false,"template":"","format":"standard","meta":{"om_disable_all_campaigns":false,"_jetpack_memberships_contains_paid_content":false,"footnotes":""},"categories":[2,103],"tags":[],"class_list":["post-35100","post","type-post","status-publish","format-standard","has-post-thumbnail","hentry","category-locales","category-policiales-locales"],"aioseo_notices":[],"gutentor_comment":0,"jetpack_featured_media_url":"https:\/\/eldiariodesanpedro.com.ar\/sitio\/wp-content\/uploads\/2018\/06\/ROBO-CASA-HABITACION1-660x370-480x369.jpg","jetpack_shortlink":"https:\/\/wp.me\/p6RhLt-988","jetpack_sharing_enabled":true,"_links":{"self":[{"href":"https:\/\/eldiariodesanpedro.com.ar\/sitio\/wp-json\/wp\/v2\/posts\/35100","targetHints":{"allow":["GET"]}}],"collection":[{"href":"https:\/\/eldiariodesanpedro.com.ar\/sitio\/wp-json\/wp\/v2\/posts"}],"about":[{"href":"https:\/\/eldiariodesanpedro.com.ar\/sitio\/wp-json\/wp\/v2\/types\/post"}],"author":[{"embeddable":true,"href":"https:\/\/eldiariodesanpedro.com.ar\/sitio\/wp-json\/wp\/v2\/users\/4"}],"replies":[{"embeddable":true,"href":"https:\/\/eldiariodesanpedro.com.ar\/sitio\/wp-json\/wp\/v2\/comments?post=35100"}],"version-history":[{"count":1,"href":"https:\/\/eldiariodesanpedro.com.ar\/sitio\/wp-json\/wp\/v2\/posts\/35100\/revisions"}],"predecessor-version":[{"id":35101,"href":"https:\/\/eldiariodesanpedro.com.ar\/sitio\/wp-json\/wp\/v2\/posts\/35100\/revisions\/35101"}],"wp:featuredmedia":[{"embeddable":true,"href":"https:\/\/eldiariodesanpedro.com.ar\/sitio\/wp-json\/wp\/v2\/media\/35055"}],"wp:attachment":[{"href":"https:\/\/eldiariodesanpedro.com.ar\/sitio\/wp-json\/wp\/v2\/media?parent=35100"}],"wp:term":[{"taxonomy":"category","embeddable":true,"href":"https:\/\/eldiariodesanpedro.com.ar\/sitio\/wp-json\/wp\/v2\/categories?post=35100"},{"taxonomy":"post_tag","embeddable":true,"href":"https:\/\/eldiariodesanpedro.com.ar\/sitio\/wp-json\/wp\/v2\/tags?post=35100"}],"curies":[{"name":"wp","href":"https:\/\/api.w.org\/{rel}","templated":true}]}}