{"id":35098,"date":"2018-06-21T09:51:28","date_gmt":"2018-06-21T12:51:28","guid":{"rendered":"https:\/\/eldiariodesanpedro.com.ar\/sitio\/?p=35098"},"modified":"2018-06-21T16:00:09","modified_gmt":"2018-06-21T19:00:09","slug":"siguen-los-motochorros","status":"publish","type":"post","link":"https:\/\/eldiariodesanpedro.com.ar\/sitio\/siguen-los-motochorros\/","title":{"rendered":"Siguen los motochorros"},"content":{"rendered":"<p><!-- VideographyWP Plugin Message: Automatic video embedding prevented by plugin options. --><br \/>\nUna joven de 22 a\u00f1os de edad radico su denuncia en la comisar\u00eda local contando que el mi\u00e9rcoles por la tarde fue interceptada por dos delincuentes en una motocicleta 110cc y que mediante intimidaci\u00f3n verbal le arrebatan el celular.<\/p>\n<p>Los malvivientes se dan a la fuga sin provocar ninguna lesi\u00f3n f\u00edsica a la v\u00edctima.<\/p>\n","protected":false},"excerpt":{"rendered":"<p>Una joven de 22 a\u00f1os de edad radico su denuncia en la comisar\u00eda local contando que el mi\u00e9rcoles por la tarde fue interceptada por dos delincuentes en una motocicleta 110cc y que mediante intimidaci\u00f3n verbal le arrebatan el celular. Los malvivientes se dan a la fuga sin provocar ninguna lesi\u00f3n f\u00edsica a la v\u00edctima.<\/p>\n","protected":false},"author":4,"featured_media":26215,"comment_status":"open","ping_status":"closed","sticky":false,"template":"","format":"standard","meta":{"om_disable_all_campaigns":false,"_jetpack_memberships_contains_paid_content":false,"footnotes":""},"categories":[2,103],"tags":[],"class_list":["post-35098","post","type-post","status-publish","format-standard","has-post-thumbnail","hentry","category-locales","category-policiales-locales"],"aioseo_notices":[],"gutentor_comment":0,"jetpack_featured_media_url":"https:\/\/eldiariodesanpedro.com.ar\/sitio\/wp-content\/uploads\/2017\/11\/motochorro-1078x516.jpg","jetpack_shortlink":"https:\/\/wp.me\/p6RhLt-986","jetpack_sharing_enabled":true,"_links":{"self":[{"href":"https:\/\/eldiariodesanpedro.com.ar\/sitio\/wp-json\/wp\/v2\/posts\/35098","targetHints":{"allow":["GET"]}}],"collection":[{"href":"https:\/\/eldiariodesanpedro.com.ar\/sitio\/wp-json\/wp\/v2\/posts"}],"about":[{"href":"https:\/\/eldiariodesanpedro.com.ar\/sitio\/wp-json\/wp\/v2\/types\/post"}],"author":[{"embeddable":true,"href":"https:\/\/eldiariodesanpedro.com.ar\/sitio\/wp-json\/wp\/v2\/users\/4"}],"replies":[{"embeddable":true,"href":"https:\/\/eldiariodesanpedro.com.ar\/sitio\/wp-json\/wp\/v2\/comments?post=35098"}],"version-history":[{"count":1,"href":"https:\/\/eldiariodesanpedro.com.ar\/sitio\/wp-json\/wp\/v2\/posts\/35098\/revisions"}],"predecessor-version":[{"id":35099,"href":"https:\/\/eldiariodesanpedro.com.ar\/sitio\/wp-json\/wp\/v2\/posts\/35098\/revisions\/35099"}],"wp:featuredmedia":[{"embeddable":true,"href":"https:\/\/eldiariodesanpedro.com.ar\/sitio\/wp-json\/wp\/v2\/media\/26215"}],"wp:attachment":[{"href":"https:\/\/eldiariodesanpedro.com.ar\/sitio\/wp-json\/wp\/v2\/media?parent=35098"}],"wp:term":[{"taxonomy":"category","embeddable":true,"href":"https:\/\/eldiariodesanpedro.com.ar\/sitio\/wp-json\/wp\/v2\/categories?post=35098"},{"taxonomy":"post_tag","embeddable":true,"href":"https:\/\/eldiariodesanpedro.com.ar\/sitio\/wp-json\/wp\/v2\/tags?post=35098"}],"curies":[{"name":"wp","href":"https:\/\/api.w.org\/{rel}","templated":true}]}}