{"id":35096,"date":"2018-06-21T09:24:20","date_gmt":"2018-06-21T12:24:20","guid":{"rendered":"https:\/\/eldiariodesanpedro.com.ar\/sitio\/?p=35096"},"modified":"2018-06-21T09:24:20","modified_gmt":"2018-06-21T12:24:20","slug":"dos-menores-aprehendidos-despues-de-intentar-cometer-ilicito-en-un-comercio","status":"publish","type":"post","link":"https:\/\/eldiariodesanpedro.com.ar\/sitio\/dos-menores-aprehendidos-despues-de-intentar-cometer-ilicito-en-un-comercio\/","title":{"rendered":"Dos menores aprehendidos despu\u00e9s de intentar cometer il\u00edcito en un comercio"},"content":{"rendered":"<p><!-- VideographyWP Plugin Message: Automatic video embedding prevented by plugin options. --><br \/>\nDos menores fueron aprehendidos despu\u00e9s de darse a la fuga tras intentar sustraer unas camperas de un comercio. Los adolescentes ten\u00edan 14 y 15 a\u00f1os de edad.<\/p>\n<p>El hecho ocurri\u00f3  a la tardecita del mi\u00e9rcoles cuando en calle Pellegrini 995 dos j\u00f3venes ingresaban a un comercio e intentaban sustraer unas camperas, cuando el empleado se da cuenta los malvivientes se dieron  a la fuga.<\/p>\n<p>Personal policial de esta dependencia sale tras los j\u00f3venes  cuando,   otro polic\u00eda de civil  que justo pasaba por el lugar,  se dio cuenta de lo que estaba ocurriendo y los intercepta con su auto en Chacabuco al 400, reduciendo a los menores  hasta  entregarlos  a los efectivos de la local que ven\u00edan en camino.<\/p>\n<p>La indumentaria fue recuperada,  los menores aprehendidos y trasladados a la comisar\u00eda de nuestra ciudad donde interviene UFI del joven; se dispuso la entrega a sus progenitores.<\/p>\n","protected":false},"excerpt":{"rendered":"<p>Dos menores fueron aprehendidos despu\u00e9s de darse a la fuga tras intentar sustraer unas camperas de un comercio. Los adolescentes ten\u00edan 14 y 15 a\u00f1os de edad. El hecho ocurri\u00f3 a la tardecita del mi\u00e9rcoles cuando en calle Pellegrini 995 dos j\u00f3venes ingresaban a un comercio e intentaban sustraer unas camperas, cuando el empleado se [&hellip;]<\/p>\n","protected":false},"author":4,"featured_media":24590,"comment_status":"open","ping_status":"closed","sticky":false,"template":"","format":"standard","meta":{"om_disable_all_campaigns":false,"_jetpack_memberships_contains_paid_content":false,"footnotes":""},"categories":[2,103],"tags":[],"class_list":["post-35096","post","type-post","status-publish","format-standard","has-post-thumbnail","hentry","category-locales","category-policiales-locales"],"aioseo_notices":[],"gutentor_comment":0,"jetpack_featured_media_url":"https:\/\/eldiariodesanpedro.com.ar\/sitio\/wp-content\/uploads\/2017\/10\/camioneta-policia-noche.jpg","jetpack_shortlink":"https:\/\/wp.me\/p6RhLt-984","jetpack_sharing_enabled":true,"_links":{"self":[{"href":"https:\/\/eldiariodesanpedro.com.ar\/sitio\/wp-json\/wp\/v2\/posts\/35096","targetHints":{"allow":["GET"]}}],"collection":[{"href":"https:\/\/eldiariodesanpedro.com.ar\/sitio\/wp-json\/wp\/v2\/posts"}],"about":[{"href":"https:\/\/eldiariodesanpedro.com.ar\/sitio\/wp-json\/wp\/v2\/types\/post"}],"author":[{"embeddable":true,"href":"https:\/\/eldiariodesanpedro.com.ar\/sitio\/wp-json\/wp\/v2\/users\/4"}],"replies":[{"embeddable":true,"href":"https:\/\/eldiariodesanpedro.com.ar\/sitio\/wp-json\/wp\/v2\/comments?post=35096"}],"version-history":[{"count":1,"href":"https:\/\/eldiariodesanpedro.com.ar\/sitio\/wp-json\/wp\/v2\/posts\/35096\/revisions"}],"predecessor-version":[{"id":35097,"href":"https:\/\/eldiariodesanpedro.com.ar\/sitio\/wp-json\/wp\/v2\/posts\/35096\/revisions\/35097"}],"wp:featuredmedia":[{"embeddable":true,"href":"https:\/\/eldiariodesanpedro.com.ar\/sitio\/wp-json\/wp\/v2\/media\/24590"}],"wp:attachment":[{"href":"https:\/\/eldiariodesanpedro.com.ar\/sitio\/wp-json\/wp\/v2\/media?parent=35096"}],"wp:term":[{"taxonomy":"category","embeddable":true,"href":"https:\/\/eldiariodesanpedro.com.ar\/sitio\/wp-json\/wp\/v2\/categories?post=35096"},{"taxonomy":"post_tag","embeddable":true,"href":"https:\/\/eldiariodesanpedro.com.ar\/sitio\/wp-json\/wp\/v2\/tags?post=35096"}],"curies":[{"name":"wp","href":"https:\/\/api.w.org\/{rel}","templated":true}]}}