{"id":35094,"date":"2018-06-21T08:45:12","date_gmt":"2018-06-21T11:45:12","guid":{"rendered":"https:\/\/eldiariodesanpedro.com.ar\/sitio\/?p=35094"},"modified":"2018-06-21T16:01:47","modified_gmt":"2018-06-21T19:01:47","slug":"tiene-de-16-anos-es-muy-violento-y-fue-aprehendido-despues-de-protagonizar-varios-robos-en-un-mismo-dia","status":"publish","type":"post","link":"https:\/\/eldiariodesanpedro.com.ar\/sitio\/tiene-de-16-anos-es-muy-violento-y-fue-aprehendido-despues-de-protagonizar-varios-robos-en-un-mismo-dia\/","title":{"rendered":"Tiene de 16 a\u00f1os, es muy violento y fue aprehendido despu\u00e9s de protagonizar varios robos en un mismo dia"},"content":{"rendered":"<p><!-- VideographyWP Plugin Message: Automatic video embedding prevented by plugin options. --><br \/>\nEl joven con frondosos antecedentes fue aprehendido este mi\u00e9rcoles por la tarde despu\u00e9s de protagonizar cuatro robos en un mismo d\u00eda. Usaba un arma de fuego tipo escopeta o tumbera para amenazar, reducir  y robar a sus v\u00edctimas.<\/p>\n<p>El mi\u00e9rcoles por la tarde en el barrio dos de abril, se ocult\u00f3 en una vivienda y fue encontrado por la polic\u00eda participando tambi\u00e9n el Secretario de Seguridad Eduardo Rolleri.<\/p>\n<p>Uno de los \u00faltimos hechos delictivos que protagonizo el menor fue en una vivienda ubicada en Liniers al 1200 donde en ese momento intentaba tras apuntar con un arma de fuego robarle a una ciudadana mayor que por suerte no lograba cometer el il\u00edcito pero escapar\u00eda  con la misma arma tipo escopeta o tumbera saltando tapial del fondo del patio, hasta llegar a otra de las casas vecinas ubicada en Sargento Selada 545 donde tras ingresar y reducir a la propietaria con el arma logra sustraerle 2000 pesos de dinero en efectivo y lograba tambi\u00e9n  darse a la fuga ; las dos v\u00edctimas resultaron ilesas.<\/p>\n<p>Tras operativo y tras ayuda de testimonios de vecinos, se logra identificar al adolecente en la v\u00eda p\u00fablica, que con el r\u00e1pido accionar del personal policial se procede a la aprehensi\u00f3n en intersecci\u00f3n de calle Manuel Iglesias y F.C Rodr\u00edguez donde intenta nuevamente darse a la fuga resisti\u00e9ndose y amenazando con un trozo de vidrio a todos los efectivos siendo igualmente aprehendido.<\/p>\n<p> El menor fue alojado en la Comisar\u00eda de nuestra ciudad en car\u00e1cter de aprehendido mientras se aguardaban las medidas que podr\u00eda tomar la Fiscal\u00eda del Joven aunque debido a la gravedad de los hechos acontecidos era muy probable que se decida su remisi\u00f3n a un Instituto de Menores pero la Fiscal\u00eda actuante dispuso notificaci\u00f3n y entrega a sus padres .<\/p>\n<p>El adolecente de 16 a\u00f1os, a pesar de su corta edad ya cuenta con frondosos antecedentes y ha sido se\u00f1alado responsables de varios de los casos acontecidos en los \u00faltimos tiempos aunque la justicia a\u00fan no tom\u00f3 las medidas necesarias para que el joven quede tras la reja. Es un joven muy violento adem\u00e1s y es el mismo que hace un tiempo atr\u00e1s aparec\u00eda en las redes sociales posando con un arma de fuego.<\/p>\n","protected":false},"excerpt":{"rendered":"<p>El joven con frondosos antecedentes fue aprehendido este mi\u00e9rcoles por la tarde despu\u00e9s de protagonizar cuatro robos en un mismo d\u00eda. Usaba un arma de fuego tipo escopeta o tumbera para amenazar, reducir y robar a sus v\u00edctimas. El mi\u00e9rcoles por la tarde en el barrio dos de abril, se ocult\u00f3 en una vivienda y [&hellip;]<\/p>\n","protected":false},"author":4,"featured_media":20446,"comment_status":"open","ping_status":"closed","sticky":false,"template":"","format":"standard","meta":{"om_disable_all_campaigns":false,"_jetpack_memberships_contains_paid_content":false,"footnotes":""},"categories":[50,2,103],"tags":[],"class_list":["post-35094","post","type-post","status-publish","format-standard","has-post-thumbnail","hentry","category-destacadas","category-locales","category-policiales-locales"],"aioseo_notices":[],"gutentor_comment":0,"jetpack_featured_media_url":"https:\/\/eldiariodesanpedro.com.ar\/sitio\/wp-content\/uploads\/2017\/07\/detenido-3-1.jpg","jetpack_shortlink":"https:\/\/wp.me\/p6RhLt-982","jetpack_sharing_enabled":true,"_links":{"self":[{"href":"https:\/\/eldiariodesanpedro.com.ar\/sitio\/wp-json\/wp\/v2\/posts\/35094","targetHints":{"allow":["GET"]}}],"collection":[{"href":"https:\/\/eldiariodesanpedro.com.ar\/sitio\/wp-json\/wp\/v2\/posts"}],"about":[{"href":"https:\/\/eldiariodesanpedro.com.ar\/sitio\/wp-json\/wp\/v2\/types\/post"}],"author":[{"embeddable":true,"href":"https:\/\/eldiariodesanpedro.com.ar\/sitio\/wp-json\/wp\/v2\/users\/4"}],"replies":[{"embeddable":true,"href":"https:\/\/eldiariodesanpedro.com.ar\/sitio\/wp-json\/wp\/v2\/comments?post=35094"}],"version-history":[{"count":1,"href":"https:\/\/eldiariodesanpedro.com.ar\/sitio\/wp-json\/wp\/v2\/posts\/35094\/revisions"}],"predecessor-version":[{"id":35095,"href":"https:\/\/eldiariodesanpedro.com.ar\/sitio\/wp-json\/wp\/v2\/posts\/35094\/revisions\/35095"}],"wp:featuredmedia":[{"embeddable":true,"href":"https:\/\/eldiariodesanpedro.com.ar\/sitio\/wp-json\/wp\/v2\/media\/20446"}],"wp:attachment":[{"href":"https:\/\/eldiariodesanpedro.com.ar\/sitio\/wp-json\/wp\/v2\/media?parent=35094"}],"wp:term":[{"taxonomy":"category","embeddable":true,"href":"https:\/\/eldiariodesanpedro.com.ar\/sitio\/wp-json\/wp\/v2\/categories?post=35094"},{"taxonomy":"post_tag","embeddable":true,"href":"https:\/\/eldiariodesanpedro.com.ar\/sitio\/wp-json\/wp\/v2\/tags?post=35094"}],"curies":[{"name":"wp","href":"https:\/\/api.w.org\/{rel}","templated":true}]}}