{"id":35089,"date":"2018-06-20T20:47:01","date_gmt":"2018-06-20T23:47:01","guid":{"rendered":"https:\/\/eldiariodesanpedro.com.ar\/sitio\/?p=35089"},"modified":"2018-06-20T20:47:01","modified_gmt":"2018-06-20T23:47:01","slug":"comunicado-de-la-cgt-adhesion-de-mercantiles-al-paro-nacional-del-lunes-25","status":"publish","type":"post","link":"https:\/\/eldiariodesanpedro.com.ar\/sitio\/comunicado-de-la-cgt-adhesion-de-mercantiles-al-paro-nacional-del-lunes-25\/","title":{"rendered":"COMUNICADO DE LA CGT: Adhesi\u00f3n de mercantiles al Paro Nacional del lunes 25"},"content":{"rendered":"<p><!-- VideographyWP Plugin Message: Automatic video embedding prevented by plugin options. --><br \/>\nEl Sindicato de Empleados de Comercio de San Pedro informa que, en l\u00ednea con la FAECYS, Federaci\u00f3n Argentina de Empleados de Comercio y Servicios, el pr\u00f3ximo lunes 25 de junio adherir\u00e1 al Paro Nacional dispuesto por la Confederaci\u00f3n General del Trabajo.<br \/>\nCoincidiendo con todos los puntos que se detallan en el comunicado que se copia m\u00e1s adelante, consideramos que la alarmante situaci\u00f3n que atraviesa nuestro pa\u00eds requiere de un llamado de atenci\u00f3n contundente para las autoridades, y la firmeza de esta medida de fuerza ser\u00e1 fundamental para que este mensaje sea comprendido.<\/p>\n<p>  El comunicado oficial de la CGT al que adhiere nuestra Federaci\u00f3n es el siguiente:<\/p>\n<p>  El Consejo Directivo de la Confederaci\u00f3n General del Trabajo luego de un profundo debate, habiendo insistido frente a las autoridades del gobierno nacional sobre la necesidad de efectuar cambios en el rumbo de la pol\u00edtica econ\u00f3mica, luego de advertir sobre los efectos sociales del brutal ajuste y no haber recibido respuestas adecuadas a los reclamos, resuelve declarar un Paro Nacional de actividades, sin movilizaci\u00f3n, por 24 horas el d\u00eda 25 de junio.<br \/>\n  El Paro Nacional dispuesto encuentra sus razones en la necesidad de expresarle al Gobierno Nacional nuestro m\u00e1s en\u00e9rgico repudio al ajuste salvaje al que somete a los trabajadores.<br \/>\n  El veto a la rebaja de tarifas aprobado por el Congreso Nacional, el anunciado acuerdo con el FMI, sus consecuencias sobre el empleo, la obra p\u00fablica, los Sistemas de Seguridad Social, las Econom\u00edas Regionales y los Servicios P\u00fablicos no hacen m\u00e1s que agravar dram\u00e1ticamente la ya insoportable situaci\u00f3n social.<br \/>\n  No vamos a permitir que el ajuste lo hagan otra vez los que menos tienen, los trabajadores ocupados y desocupados, los jubilados y los sectores m\u00e1s vulnerables, que ya viven en condiciones sociales extremadamente precarias.<br \/>\n  No vamos a tolerar que se insista en ajustar m\u00e1s la econom\u00eda social en busca de un equilibrio fiscal. Los n\u00fameros deben cerrar con los trabajadores adentro. Basta de ajustar a los que menos tienen.<br \/>\n  Nos solidarizamos con todos los sindicatos que se encuentran en conflicto como consecuencia de la intransigencia de los empresarios y la injerencia del Ministerio de Trabajo en la resoluci\u00f3n de las negociaciones paritarias.<br \/>\n  Adem\u00e1s de solidarizarnos con los familiares de la tripulaci\u00f3n del Buque pesquero Rigel, hacemos un en\u00e9rgico llamado a la Ministro Bullrich en raz\u00f3n de que la explotaci\u00f3n pesquera se realiza en p\u00e9simas condiciones.<br \/>\nAcompa\u00f1amos el Proyecto del Senador Miguel \u00c1ngel Pichetto para excluir del impuesto a las ganancias el medio aguinaldo, un paliativo importante para las econom\u00edas de los trabajadores bajo relaci\u00f3n de dependencia. <\/p>\n<p>Consejo Directivo de la Confederaci\u00f3n General del Trabajo<\/p>\n","protected":false},"excerpt":{"rendered":"<p>El Sindicato de Empleados de Comercio de San Pedro informa que, en l\u00ednea con la FAECYS, Federaci\u00f3n Argentina de Empleados de Comercio y Servicios, el pr\u00f3ximo lunes 25 de junio adherir\u00e1 al Paro Nacional dispuesto por la Confederaci\u00f3n General del Trabajo. Coincidiendo con todos los puntos que se detallan en el comunicado que se copia [&hellip;]<\/p>\n","protected":false},"author":4,"featured_media":35091,"comment_status":"open","ping_status":"closed","sticky":false,"template":"","format":"standard","meta":{"om_disable_all_campaigns":false,"_jetpack_memberships_contains_paid_content":false,"footnotes":""},"categories":[2,102],"tags":[],"class_list":["post-35089","post","type-post","status-publish","format-standard","has-post-thumbnail","hentry","category-locales","category-politica-locales"],"aioseo_notices":[],"gutentor_comment":0,"jetpack_featured_media_url":"https:\/\/eldiariodesanpedro.com.ar\/sitio\/wp-content\/uploads\/2018\/06\/sec.jpg","jetpack_shortlink":"https:\/\/wp.me\/p6RhLt-97X","jetpack_sharing_enabled":true,"_links":{"self":[{"href":"https:\/\/eldiariodesanpedro.com.ar\/sitio\/wp-json\/wp\/v2\/posts\/35089","targetHints":{"allow":["GET"]}}],"collection":[{"href":"https:\/\/eldiariodesanpedro.com.ar\/sitio\/wp-json\/wp\/v2\/posts"}],"about":[{"href":"https:\/\/eldiariodesanpedro.com.ar\/sitio\/wp-json\/wp\/v2\/types\/post"}],"author":[{"embeddable":true,"href":"https:\/\/eldiariodesanpedro.com.ar\/sitio\/wp-json\/wp\/v2\/users\/4"}],"replies":[{"embeddable":true,"href":"https:\/\/eldiariodesanpedro.com.ar\/sitio\/wp-json\/wp\/v2\/comments?post=35089"}],"version-history":[{"count":1,"href":"https:\/\/eldiariodesanpedro.com.ar\/sitio\/wp-json\/wp\/v2\/posts\/35089\/revisions"}],"predecessor-version":[{"id":35092,"href":"https:\/\/eldiariodesanpedro.com.ar\/sitio\/wp-json\/wp\/v2\/posts\/35089\/revisions\/35092"}],"wp:featuredmedia":[{"embeddable":true,"href":"https:\/\/eldiariodesanpedro.com.ar\/sitio\/wp-json\/wp\/v2\/media\/35091"}],"wp:attachment":[{"href":"https:\/\/eldiariodesanpedro.com.ar\/sitio\/wp-json\/wp\/v2\/media?parent=35089"}],"wp:term":[{"taxonomy":"category","embeddable":true,"href":"https:\/\/eldiariodesanpedro.com.ar\/sitio\/wp-json\/wp\/v2\/categories?post=35089"},{"taxonomy":"post_tag","embeddable":true,"href":"https:\/\/eldiariodesanpedro.com.ar\/sitio\/wp-json\/wp\/v2\/tags?post=35089"}],"curies":[{"name":"wp","href":"https:\/\/api.w.org\/{rel}","templated":true}]}}