{"id":35087,"date":"2018-06-20T20:26:58","date_gmt":"2018-06-20T23:26:58","guid":{"rendered":"https:\/\/eldiariodesanpedro.com.ar\/sitio\/?p=35087"},"modified":"2026-01-24T00:13:27","modified_gmt":"2026-01-24T03:13:27","slug":"futbol-local-ya-estan-los-cruces-para-cuartos-de-final-la-esperanza-atletico-mitre-parana-sportivo-las-palmeras-y-san-martin-banfield","status":"publish","type":"post","link":"https:\/\/eldiariodesanpedro.com.ar\/sitio\/futbol-local-ya-estan-los-cruces-para-cuartos-de-final-la-esperanza-atletico-mitre-parana-sportivo-las-palmeras-y-san-martin-banfield\/","title":{"rendered":"F\u00daTBOL LOCAL, Ya est\u00e1n los cruces para cuartos de final:  La Esperanza-Atl\u00e9tico, Mitre-Paran\u00e1, Sportivo-Las Palmeras y San Mart\u00edn-Banfield"},"content":{"rendered":"<p><!-- VideographyWP Plugin Message: Automatic video embedding prevented by plugin options. --><br \/>\n  Lleg\u00f3 a su final la ronda regular, varios equipos pugnan en todas las divisiones por lograr un lugar en la etapa final, para primera llegar a cuartos de final y para las dem\u00e1s divisiones hacerlo en semifinales.<br \/>\n  Fue \u2018conversada\u2019 la realizaci\u00f3n de la novena fecha para este mi\u00e9rcoles, ya que hay un partido que protest\u00f3 Atl\u00e9tico por supuesta inclusi\u00f3n indebida de un jugador de CADU (al cierre de este informe el tribunal debat\u00eda la resoluci\u00f3n lo que ser\u00eda favorable a la instituci\u00f3n de Baradero, as\u00ed lo hizo conocer anoche el Presidente de la Liga Hugo Cejas. El fallo sale esta tarde).<br \/>\n  Tendr\u00e1 cuartos de final partidos inolvidables por la magnitud de los equipos: El cl\u00e1sico del f\u00fatbol local va el s\u00e1bado a las 15 horas en el Estadio, Mitre ante Paran\u00e1 en un choque que es a un s\u00f3lo partido, ya en semifinales y final ser\u00e1 con partido de ida y vuelta, definiendo en cancha de mejor ubicado.  La Esperanza-Atl\u00e9tico, Sportivo-Las Palmeras y San Mart\u00edn-Banfield.<\/p>\n","protected":false},"excerpt":{"rendered":"<p>Lleg\u00f3 a su final la ronda regular, varios equipos pugnan en todas las divisiones por lograr un lugar en la etapa final, para primera llegar a cuartos de final y para las dem\u00e1s divisiones hacerlo en semifinales. Fue \u2018conversada\u2019 la realizaci\u00f3n de la novena fecha para este mi\u00e9rcoles, ya que hay un partido que protest\u00f3 [&hellip;]<\/p>\n","protected":false},"author":4,"featured_media":21255,"comment_status":"open","ping_status":"closed","sticky":false,"template":"","format":"standard","meta":{"om_disable_all_campaigns":false,"_jetpack_memberships_contains_paid_content":false,"footnotes":""},"categories":[5],"tags":[],"class_list":["post-35087","post","type-post","status-publish","format-standard","has-post-thumbnail","hentry","category-deportes"],"aioseo_notices":[],"gutentor_comment":0,"jetpack_featured_media_url":"https:\/\/eldiariodesanpedro.com.ar\/sitio\/wp-content\/uploads\/2017\/07\/futbol-arco.jpg","jetpack_shortlink":"https:\/\/wp.me\/p6RhLt-97V","jetpack_sharing_enabled":true,"_links":{"self":[{"href":"https:\/\/eldiariodesanpedro.com.ar\/sitio\/wp-json\/wp\/v2\/posts\/35087","targetHints":{"allow":["GET"]}}],"collection":[{"href":"https:\/\/eldiariodesanpedro.com.ar\/sitio\/wp-json\/wp\/v2\/posts"}],"about":[{"href":"https:\/\/eldiariodesanpedro.com.ar\/sitio\/wp-json\/wp\/v2\/types\/post"}],"author":[{"embeddable":true,"href":"https:\/\/eldiariodesanpedro.com.ar\/sitio\/wp-json\/wp\/v2\/users\/4"}],"replies":[{"embeddable":true,"href":"https:\/\/eldiariodesanpedro.com.ar\/sitio\/wp-json\/wp\/v2\/comments?post=35087"}],"version-history":[{"count":1,"href":"https:\/\/eldiariodesanpedro.com.ar\/sitio\/wp-json\/wp\/v2\/posts\/35087\/revisions"}],"predecessor-version":[{"id":35088,"href":"https:\/\/eldiariodesanpedro.com.ar\/sitio\/wp-json\/wp\/v2\/posts\/35087\/revisions\/35088"}],"wp:featuredmedia":[{"embeddable":true,"href":"https:\/\/eldiariodesanpedro.com.ar\/sitio\/wp-json\/wp\/v2\/media\/21255"}],"wp:attachment":[{"href":"https:\/\/eldiariodesanpedro.com.ar\/sitio\/wp-json\/wp\/v2\/media?parent=35087"}],"wp:term":[{"taxonomy":"category","embeddable":true,"href":"https:\/\/eldiariodesanpedro.com.ar\/sitio\/wp-json\/wp\/v2\/categories?post=35087"},{"taxonomy":"post_tag","embeddable":true,"href":"https:\/\/eldiariodesanpedro.com.ar\/sitio\/wp-json\/wp\/v2\/tags?post=35087"}],"curies":[{"name":"wp","href":"https:\/\/api.w.org\/{rel}","templated":true}]}}