{"id":35084,"date":"2018-06-20T20:08:18","date_gmt":"2018-06-20T23:08:18","guid":{"rendered":"https:\/\/eldiariodesanpedro.com.ar\/sitio\/?p=35084"},"modified":"2026-01-24T00:13:27","modified_gmt":"2026-01-24T03:13:27","slug":"yachting-buena-actuacion-de-nautico-san-pedro","status":"publish","type":"post","link":"https:\/\/eldiariodesanpedro.com.ar\/sitio\/yachting-buena-actuacion-de-nautico-san-pedro\/","title":{"rendered":"YACHTING: Buena actuaci\u00f3n de N\u00e1utico San Pedro"},"content":{"rendered":"<p><!-- VideographyWP Plugin Message: Automatic video embedding prevented by plugin options. --><br \/>\nEn la primera de las dos fechas que unifican en Rosario la Semana de la Bandera, la flota del club particip\u00f3 con sus clases en el Club de Velas de Rosario. En l\u00e1ser radial (15 inscriptos) Iv\u00e1n Luppi gan\u00f3 la general mientras que Malena Sciarra lleg\u00f3 tercera y fue la mejor entre las damas. Adem\u00e1s, Pedro Hecker ocup\u00f3 el \u00faltimo escal\u00f3n del podio en standard (10) y Federico Moretti qued\u00f3 quinto en 29er (10).<\/p>\n<p>  En optimist (150 inscriptos) Nahuel Malacalza acab\u00f3 tercero, Delfina Kuttel sexta, Lucio Fenouil d\u00e9cimo, Francisco G\u00f3mez 14\u00b0, Marco Limardo 17\u00b0, Lucas Hidalgo 19\u00b0, Pilar Fenouil 25\u00aa, Agust\u00edn Malacalza 35\u00b0, Juan Bartolom\u00e9 Cha Vaccari 42\u00b0, Francina Paz 49\u00aa y Mar\u00eda Bal\u00e9n Malacalza 35\u00aa. Tambi\u00e9n participaron Bruno Drago y Juana Ull\u00faa. La pr\u00f3xima fecha ser\u00e1 en el Yacht Club de Rosario.<\/p>\n","protected":false},"excerpt":{"rendered":"<p>En la primera de las dos fechas que unifican en Rosario la Semana de la Bandera, la flota del club particip\u00f3 con sus clases en el Club de Velas de Rosario. En l\u00e1ser radial (15 inscriptos) Iv\u00e1n Luppi gan\u00f3 la general mientras que Malena Sciarra lleg\u00f3 tercera y fue la mejor entre las damas. Adem\u00e1s, [&hellip;]<\/p>\n","protected":false},"author":4,"featured_media":35085,"comment_status":"open","ping_status":"closed","sticky":false,"template":"","format":"standard","meta":{"om_disable_all_campaigns":false,"_jetpack_memberships_contains_paid_content":false,"footnotes":""},"categories":[5],"tags":[],"class_list":["post-35084","post","type-post","status-publish","format-standard","has-post-thumbnail","hentry","category-deportes"],"aioseo_notices":[],"gutentor_comment":0,"jetpack_featured_media_url":"https:\/\/eldiariodesanpedro.com.ar\/sitio\/wp-content\/uploads\/2018\/06\/La-general-fue-para-los-deportistas-de-N\u00e1utico.jpg","jetpack_shortlink":"https:\/\/wp.me\/p6RhLt-97S","jetpack_sharing_enabled":true,"_links":{"self":[{"href":"https:\/\/eldiariodesanpedro.com.ar\/sitio\/wp-json\/wp\/v2\/posts\/35084","targetHints":{"allow":["GET"]}}],"collection":[{"href":"https:\/\/eldiariodesanpedro.com.ar\/sitio\/wp-json\/wp\/v2\/posts"}],"about":[{"href":"https:\/\/eldiariodesanpedro.com.ar\/sitio\/wp-json\/wp\/v2\/types\/post"}],"author":[{"embeddable":true,"href":"https:\/\/eldiariodesanpedro.com.ar\/sitio\/wp-json\/wp\/v2\/users\/4"}],"replies":[{"embeddable":true,"href":"https:\/\/eldiariodesanpedro.com.ar\/sitio\/wp-json\/wp\/v2\/comments?post=35084"}],"version-history":[{"count":1,"href":"https:\/\/eldiariodesanpedro.com.ar\/sitio\/wp-json\/wp\/v2\/posts\/35084\/revisions"}],"predecessor-version":[{"id":35086,"href":"https:\/\/eldiariodesanpedro.com.ar\/sitio\/wp-json\/wp\/v2\/posts\/35084\/revisions\/35086"}],"wp:featuredmedia":[{"embeddable":true,"href":"https:\/\/eldiariodesanpedro.com.ar\/sitio\/wp-json\/wp\/v2\/media\/35085"}],"wp:attachment":[{"href":"https:\/\/eldiariodesanpedro.com.ar\/sitio\/wp-json\/wp\/v2\/media?parent=35084"}],"wp:term":[{"taxonomy":"category","embeddable":true,"href":"https:\/\/eldiariodesanpedro.com.ar\/sitio\/wp-json\/wp\/v2\/categories?post=35084"},{"taxonomy":"post_tag","embeddable":true,"href":"https:\/\/eldiariodesanpedro.com.ar\/sitio\/wp-json\/wp\/v2\/tags?post=35084"}],"curies":[{"name":"wp","href":"https:\/\/api.w.org\/{rel}","templated":true}]}}