{"id":35081,"date":"2018-06-20T20:05:49","date_gmt":"2018-06-20T23:05:49","guid":{"rendered":"https:\/\/eldiariodesanpedro.com.ar\/sitio\/?p=35081"},"modified":"2026-01-24T00:13:27","modified_gmt":"2026-01-24T03:13:27","slug":"mundial-de-madrid-futbol-para-ciegos-los-murcielagos-subcampeones","status":"publish","type":"post","link":"https:\/\/eldiariodesanpedro.com.ar\/sitio\/mundial-de-madrid-futbol-para-ciegos-los-murcielagos-subcampeones\/","title":{"rendered":"MUNDIAL DE MADRID: F\u00fatbol para ciegos: Los Murci\u00e9lagos subcampeones"},"content":{"rendered":"<p><!-- VideographyWP Plugin Message: Automatic video embedding prevented by plugin options. --><br \/>\nLa Selecci\u00f3n Argentina de f\u00fatbol para ciegos no pudo con Brasil en la final del Mundial de Espa\u00f1a. Fue 2-0 en el Sagrado Coraz\u00f3n de Madrid, con goles de Ricardinho y Nonato, para que los brasile\u00f1os obtengan por quinta vez la Copa del Mundo. El sampedrino Silvio Velo jug\u00f3 minutos en partidos anteriores, pero no en la final. Cabe destacar que el sampedrino a los 47 a\u00f1os, junto a Lucas Rodr\u00edguez (36 a\u00f1os) jugaron su s\u00e9ptimo campeonato mundial, la misma cantidad de ediciones que tiene la Copa IBSA.<\/p>\n<p>  Los Murci\u00e9lagos hicieron un buen planteo t\u00e1ctico y anularon a Brasil desde el comienzo del juego. Al minuto, Peralta exigi\u00f3 al arquero Luan. No fue un espejismo. Argentina mantuvo la l\u00ednea, control\u00f3 el partido y tuvo tres chances para romper el cero. La m\u00e1s clara fue de Maxi Espinillo. Sin embargo, por la falta de efectividad, se fueron al descanso en blanco.<\/p>\n<p>  Todo cambi\u00f3 en la segunda parte. Porque apareci\u00f3 en escena Ricardinho, que frot\u00f3 la l\u00e1mpara en un tiro libre y la coloc\u00f3 en un rinc\u00f3n en lo que fue la primera llegada de Brasil. El golazo del 10 pintaba de injusticia el marcador.<br \/>\n  El gol no cambi\u00f3 los papeles. Argentina manej\u00f3 los hilos y arrincon\u00f3 a Brasil. Lo domin\u00f3 y lo puso contra las cuerdas. Peralta y Espinillo estuvieron a cent\u00edmetros de la igualdad. Cuando el reloj apremiaba, Nonato recuper\u00f3 una pelota en su campo, atraves\u00f3 toda la cancha y defini\u00f3 abajo. Un gol que sepult\u00f3 las esperanzas del equipo argentino. No hubo tiempo para m\u00e1s.<\/p>\n<p>EL PLANTEL: arqueros Dar\u00edo Lencina (Estudiantes de La Plata) y Germ\u00e1n Muleck (Rosell) y los futbolistas Silvio Velo (Boca); Froil\u00e1n Padilla y Federico Accardi (Uniredes de Mendoza); Lucas Rodr\u00edguez y Nicol\u00e1s V\u00e9liz (Municipalidad de C\u00f3rdoba), \u00c1ngel Deldo (ACHADEC de Chaco), Maximiliano Espinillo (UCORCI de C\u00f3rdoba) y David Peralta (Estudiantes de La Plata).<\/p>\n","protected":false},"excerpt":{"rendered":"<p>La Selecci\u00f3n Argentina de f\u00fatbol para ciegos no pudo con Brasil en la final del Mundial de Espa\u00f1a. Fue 2-0 en el Sagrado Coraz\u00f3n de Madrid, con goles de Ricardinho y Nonato, para que los brasile\u00f1os obtengan por quinta vez la Copa del Mundo. El sampedrino Silvio Velo jug\u00f3 minutos en partidos anteriores, pero no [&hellip;]<\/p>\n","protected":false},"author":4,"featured_media":35082,"comment_status":"open","ping_status":"closed","sticky":false,"template":"","format":"standard","meta":{"om_disable_all_campaigns":false,"_jetpack_memberships_contains_paid_content":false,"footnotes":""},"categories":[5],"tags":[],"class_list":["post-35081","post","type-post","status-publish","format-standard","has-post-thumbnail","hentry","category-deportes"],"aioseo_notices":[],"gutentor_comment":0,"jetpack_featured_media_url":"https:\/\/eldiariodesanpedro.com.ar\/sitio\/wp-content\/uploads\/2018\/06\/Silvio-Velo-recibe-la-medalla-de-Vicente-Del-Bosque-seleccionador-de-Espa\u00f1a-campe\u00f3n-en-Sud\u00e1frica.jpg","jetpack_shortlink":"https:\/\/wp.me\/p6RhLt-97P","jetpack_sharing_enabled":true,"_links":{"self":[{"href":"https:\/\/eldiariodesanpedro.com.ar\/sitio\/wp-json\/wp\/v2\/posts\/35081","targetHints":{"allow":["GET"]}}],"collection":[{"href":"https:\/\/eldiariodesanpedro.com.ar\/sitio\/wp-json\/wp\/v2\/posts"}],"about":[{"href":"https:\/\/eldiariodesanpedro.com.ar\/sitio\/wp-json\/wp\/v2\/types\/post"}],"author":[{"embeddable":true,"href":"https:\/\/eldiariodesanpedro.com.ar\/sitio\/wp-json\/wp\/v2\/users\/4"}],"replies":[{"embeddable":true,"href":"https:\/\/eldiariodesanpedro.com.ar\/sitio\/wp-json\/wp\/v2\/comments?post=35081"}],"version-history":[{"count":1,"href":"https:\/\/eldiariodesanpedro.com.ar\/sitio\/wp-json\/wp\/v2\/posts\/35081\/revisions"}],"predecessor-version":[{"id":35083,"href":"https:\/\/eldiariodesanpedro.com.ar\/sitio\/wp-json\/wp\/v2\/posts\/35081\/revisions\/35083"}],"wp:featuredmedia":[{"embeddable":true,"href":"https:\/\/eldiariodesanpedro.com.ar\/sitio\/wp-json\/wp\/v2\/media\/35082"}],"wp:attachment":[{"href":"https:\/\/eldiariodesanpedro.com.ar\/sitio\/wp-json\/wp\/v2\/media?parent=35081"}],"wp:term":[{"taxonomy":"category","embeddable":true,"href":"https:\/\/eldiariodesanpedro.com.ar\/sitio\/wp-json\/wp\/v2\/categories?post=35081"},{"taxonomy":"post_tag","embeddable":true,"href":"https:\/\/eldiariodesanpedro.com.ar\/sitio\/wp-json\/wp\/v2\/tags?post=35081"}],"curies":[{"name":"wp","href":"https:\/\/api.w.org\/{rel}","templated":true}]}}