{"id":35078,"date":"2018-06-20T19:48:37","date_gmt":"2018-06-20T22:48:37","guid":{"rendered":"https:\/\/eldiariodesanpedro.com.ar\/sitio\/?p=35078"},"modified":"2018-06-20T19:48:37","modified_gmt":"2018-06-20T22:48:37","slug":"san-pedro-recordo-a-belgrano-y-cientos-de-ninos-prometieron-lealtad-a-la-bandera","status":"publish","type":"post","link":"https:\/\/eldiariodesanpedro.com.ar\/sitio\/san-pedro-recordo-a-belgrano-y-cientos-de-ninos-prometieron-lealtad-a-la-bandera\/","title":{"rendered":"San Pedro record\u00f3 a Belgrano y cientos de ni\u00f1os prometieron lealtad a la bandera"},"content":{"rendered":"<p><!-- VideographyWP Plugin Message: Automatic video embedding prevented by plugin options. --><br \/>\n  En una soleada ma\u00f1ana sobre las barrancas y al pie del m\u00e1stil inaugurado en el Centenario de la Ciudad, se cumpli\u00f3 con el acto de homenaje a Manuel Belgrano y a la Bandera Nacional, con la Promesa de Lealtad que le formularon m\u00e1s de 600 alumnos de 4\u00b0 grado de las escuelas del Partido. <\/p>\n<p>  Antes de esta ceremonia, el Intendente junto a un grupo de colaboradores coloc\u00f3 al pie del busto de Manuel Belgrano y en la plaza que lleva su nombre, una ofrenda floral en homenaje a los 198 a\u00f1os de su fallecimiento. En el acto central se iz\u00f3 el Pabell\u00f3n Nacional con las estrofas de Aurora y, posteriormente, autoridades, docentes, alumnos y vecinos entonaron el Himno Nacional Argentino. <\/p>\n<p>  Marita Churruar\u00edn, Inspectora de Nivel Primario tuvo a su cargo el primer mensaje, trazando un perfil biogr\u00e1fico del pr\u00f3cer rescatando la personalidad y el esp\u00edritu patriota de Belgrano y recordando la creaci\u00f3n de la bandera a orillas del R\u00edo Paran\u00e1. \u00abSi cada uno de nosotros cumple con su rol, nuestro pa\u00eds ser\u00e1 seguramente el que so\u00f1\u00f3 Belgrano\u00bb expres\u00f3 en el final de su discurso. <\/p>\n<p>  El Intendente municipal Cecilio Salazar habl\u00f3 tambi\u00e9n de la importancia del legado de Manuel Belgrano y de la necesidad de fortalecer valores como el respeto, la concordia y la convivencia, apuntando que el primer eslab\u00f3n de la formaci\u00f3n de los ni\u00f1os es la familia y que los adultos tienen una gran responsabilidad en acompa\u00f1ar su d\u00eda a d\u00eda. \u00abFue uno de los pr\u00f3ceres que con humildad y valores sufri\u00f3 como pocos la impotencia de no poder lograr que dejaran de lado las grietas de su siglo\u00bb, dijo el Intendente. El jefe comunal sampedrino expres\u00f3 que, tanto en el pa\u00eds como en la patria chica, debemos entender que no hay otro camino que estar unidos y respetar con honor nuestro pa\u00eds. \u00abManuel Belgrano marc\u00f3 un camino que todav\u00eda nos sigue dando la oportunidad de esa gloria con la que \u00e9l y otros hombres y mujeres so\u00f1aron\u00bb. concluy\u00f3.<\/p>\n<p>  El acto finaliz\u00f3 con la Promesa de Lealtad a la Bandera propuesta por la Jefa Distrital de Educaci\u00f3n Mercedes Vell\u00f3n a la que respondieron con entusiasmo los ni\u00f1os presentes, y posteriormente con una canci\u00f3n conjunta que cerr\u00f3 el encuentro.<\/p>\n","protected":false},"excerpt":{"rendered":"<p>En una soleada ma\u00f1ana sobre las barrancas y al pie del m\u00e1stil inaugurado en el Centenario de la Ciudad, se cumpli\u00f3 con el acto de homenaje a Manuel Belgrano y a la Bandera Nacional, con la Promesa de Lealtad que le formularon m\u00e1s de 600 alumnos de 4\u00b0 grado de las escuelas del Partido. Antes [&hellip;]<\/p>\n","protected":false},"author":4,"featured_media":35079,"comment_status":"open","ping_status":"closed","sticky":false,"template":"","format":"standard","meta":{"om_disable_all_campaigns":false,"_jetpack_memberships_contains_paid_content":false,"footnotes":""},"categories":[50,101,2],"tags":[],"class_list":["post-35078","post","type-post","status-publish","format-standard","has-post-thumbnail","hentry","category-destacadas","category-interes-general-locales","category-locales"],"aioseo_notices":[],"gutentor_comment":0,"jetpack_featured_media_url":"https:\/\/eldiariodesanpedro.com.ar\/sitio\/wp-content\/uploads\/2018\/06\/El-acto-por-el-D\u00eda-de-la-Bandera.jpg","jetpack_shortlink":"https:\/\/wp.me\/p6RhLt-97M","jetpack_sharing_enabled":true,"_links":{"self":[{"href":"https:\/\/eldiariodesanpedro.com.ar\/sitio\/wp-json\/wp\/v2\/posts\/35078","targetHints":{"allow":["GET"]}}],"collection":[{"href":"https:\/\/eldiariodesanpedro.com.ar\/sitio\/wp-json\/wp\/v2\/posts"}],"about":[{"href":"https:\/\/eldiariodesanpedro.com.ar\/sitio\/wp-json\/wp\/v2\/types\/post"}],"author":[{"embeddable":true,"href":"https:\/\/eldiariodesanpedro.com.ar\/sitio\/wp-json\/wp\/v2\/users\/4"}],"replies":[{"embeddable":true,"href":"https:\/\/eldiariodesanpedro.com.ar\/sitio\/wp-json\/wp\/v2\/comments?post=35078"}],"version-history":[{"count":1,"href":"https:\/\/eldiariodesanpedro.com.ar\/sitio\/wp-json\/wp\/v2\/posts\/35078\/revisions"}],"predecessor-version":[{"id":35080,"href":"https:\/\/eldiariodesanpedro.com.ar\/sitio\/wp-json\/wp\/v2\/posts\/35078\/revisions\/35080"}],"wp:featuredmedia":[{"embeddable":true,"href":"https:\/\/eldiariodesanpedro.com.ar\/sitio\/wp-json\/wp\/v2\/media\/35079"}],"wp:attachment":[{"href":"https:\/\/eldiariodesanpedro.com.ar\/sitio\/wp-json\/wp\/v2\/media?parent=35078"}],"wp:term":[{"taxonomy":"category","embeddable":true,"href":"https:\/\/eldiariodesanpedro.com.ar\/sitio\/wp-json\/wp\/v2\/categories?post=35078"},{"taxonomy":"post_tag","embeddable":true,"href":"https:\/\/eldiariodesanpedro.com.ar\/sitio\/wp-json\/wp\/v2\/tags?post=35078"}],"curies":[{"name":"wp","href":"https:\/\/api.w.org\/{rel}","templated":true}]}}