{"id":35074,"date":"2018-06-20T19:38:55","date_gmt":"2018-06-20T22:38:55","guid":{"rendered":"https:\/\/eldiariodesanpedro.com.ar\/sitio\/?p=35074"},"modified":"2018-06-20T19:38:55","modified_gmt":"2018-06-20T22:38:55","slug":"baradero-siguen-las-tareas-de-repavimentacion-de-la-calle-rene-simon","status":"publish","type":"post","link":"https:\/\/eldiariodesanpedro.com.ar\/sitio\/baradero-siguen-las-tareas-de-repavimentacion-de-la-calle-rene-simon\/","title":{"rendered":"BARADERO: Siguen las tareas de repavimentaci\u00f3n de la calle Ren\u00e9 Sim\u00f3n"},"content":{"rendered":"<p><!-- VideographyWP Plugin Message: Automatic video embedding prevented by plugin options. --><br \/>\n  Por las tareas constantes que se realizan en las calles mencionadas, es muy importante circular con precauci\u00f3n para evitar accidentes.<\/p>\n<p>  En las \u00faltimas semanas se concretaron tareas de volcado de hormig\u00f3n para continuar con la pavimentaci\u00f3n dentro del plan que se realiza desde hace dos meses y se extender\u00e1 durante las pr\u00f3ximas semanas hasta completar los tramos, con el objetivo de cumplir con las demandas de los vecinos en las calles que son muy transitadas y requieren de una necesaria intervenci\u00f3n.<\/p>\n<p>Fuente: Tu L\u00ednea Directa<\/p>\n","protected":false},"excerpt":{"rendered":"<p>Por las tareas constantes que se realizan en las calles mencionadas, es muy importante circular con precauci\u00f3n para evitar accidentes. En las \u00faltimas semanas se concretaron tareas de volcado de hormig\u00f3n para continuar con la pavimentaci\u00f3n dentro del plan que se realiza desde hace dos meses y se extender\u00e1 durante las pr\u00f3ximas semanas hasta completar [&hellip;]<\/p>\n","protected":false},"author":4,"featured_media":35076,"comment_status":"open","ping_status":"closed","sticky":false,"template":"","format":"standard","meta":{"om_disable_all_campaigns":false,"_jetpack_memberships_contains_paid_content":false,"footnotes":""},"categories":[621],"tags":[],"class_list":["post-35074","post","type-post","status-publish","format-standard","has-post-thumbnail","hentry","category-regionales"],"aioseo_notices":[],"gutentor_comment":0,"jetpack_featured_media_url":"https:\/\/eldiariodesanpedro.com.ar\/sitio\/wp-content\/uploads\/2018\/06\/Repavimentaci\u00f3n-en-calle-Sim\u00f3n.jpg","jetpack_shortlink":"https:\/\/wp.me\/p6RhLt-97I","jetpack_sharing_enabled":true,"_links":{"self":[{"href":"https:\/\/eldiariodesanpedro.com.ar\/sitio\/wp-json\/wp\/v2\/posts\/35074","targetHints":{"allow":["GET"]}}],"collection":[{"href":"https:\/\/eldiariodesanpedro.com.ar\/sitio\/wp-json\/wp\/v2\/posts"}],"about":[{"href":"https:\/\/eldiariodesanpedro.com.ar\/sitio\/wp-json\/wp\/v2\/types\/post"}],"author":[{"embeddable":true,"href":"https:\/\/eldiariodesanpedro.com.ar\/sitio\/wp-json\/wp\/v2\/users\/4"}],"replies":[{"embeddable":true,"href":"https:\/\/eldiariodesanpedro.com.ar\/sitio\/wp-json\/wp\/v2\/comments?post=35074"}],"version-history":[{"count":1,"href":"https:\/\/eldiariodesanpedro.com.ar\/sitio\/wp-json\/wp\/v2\/posts\/35074\/revisions"}],"predecessor-version":[{"id":35077,"href":"https:\/\/eldiariodesanpedro.com.ar\/sitio\/wp-json\/wp\/v2\/posts\/35074\/revisions\/35077"}],"wp:featuredmedia":[{"embeddable":true,"href":"https:\/\/eldiariodesanpedro.com.ar\/sitio\/wp-json\/wp\/v2\/media\/35076"}],"wp:attachment":[{"href":"https:\/\/eldiariodesanpedro.com.ar\/sitio\/wp-json\/wp\/v2\/media?parent=35074"}],"wp:term":[{"taxonomy":"category","embeddable":true,"href":"https:\/\/eldiariodesanpedro.com.ar\/sitio\/wp-json\/wp\/v2\/categories?post=35074"},{"taxonomy":"post_tag","embeddable":true,"href":"https:\/\/eldiariodesanpedro.com.ar\/sitio\/wp-json\/wp\/v2\/tags?post=35074"}],"curies":[{"name":"wp","href":"https:\/\/api.w.org\/{rel}","templated":true}]}}