{"id":35072,"date":"2018-06-20T19:37:57","date_gmt":"2018-06-20T22:37:57","guid":{"rendered":"https:\/\/eldiariodesanpedro.com.ar\/sitio\/?p=35072"},"modified":"2018-06-20T19:37:57","modified_gmt":"2018-06-20T22:37:57","slug":"ramallo-arranco-el-campamento-sanitario-de-la-unr","status":"publish","type":"post","link":"https:\/\/eldiariodesanpedro.com.ar\/sitio\/ramallo-arranco-el-campamento-sanitario-de-la-unr\/","title":{"rendered":"RAMALLO: Arranc\u00f3 el Campamento Sanitario de la UNR"},"content":{"rendered":"<p><!-- VideographyWP Plugin Message: Automatic video embedding prevented by plugin options. --><br \/>\nComenz\u00f3 el Campamento Sanitario que realizar\u00e1n los estudiantes del \u00faltimo a\u00f1o de la carrera de medicina de la Universidad Nacional de Rosario (UNR).<\/p>\n<p>  El muestro se realizar\u00e1 en la ciudad de Ramallo, en donde los m\u00e1s de 200 estudiantes recorrer\u00e1n casa por casa realizando una encuesta a los vecinos.<\/p>\n<p>  Los voluntarios portan una remera color naranja, identificativa del Campamento Sanitario, y har\u00e1n el relevamiento correspondiente en los domicilios. Se trata de una encuesta personal y an\u00f3nima. Adem\u00e1s, har\u00e1n controles de talla y peso a estudiantes de las escuelas de la ciudad.<\/p>\n<p>  El intendente Mauro Poletti, junto a la secretaria de Salud, Noelia Cejas, y el equipo de la Universidad, realizaron la apertura en el gimnasio del Club Social, donde se estar\u00e1 usando como base operativa. La jornada comienza este lunes 18 y culmina el viernes 22 del corriente.<\/p>\n<p>Fuente: Ramallo Ciudad<\/p>\n","protected":false},"excerpt":{"rendered":"<p>Comenz\u00f3 el Campamento Sanitario que realizar\u00e1n los estudiantes del \u00faltimo a\u00f1o de la carrera de medicina de la Universidad Nacional de Rosario (UNR). El muestro se realizar\u00e1 en la ciudad de Ramallo, en donde los m\u00e1s de 200 estudiantes recorrer\u00e1n casa por casa realizando una encuesta a los vecinos. Los voluntarios portan una remera color [&hellip;]<\/p>\n","protected":false},"author":4,"featured_media":35073,"comment_status":"open","ping_status":"closed","sticky":false,"template":"","format":"standard","meta":{"om_disable_all_campaigns":false,"_jetpack_memberships_contains_paid_content":false,"footnotes":""},"categories":[621],"tags":[],"class_list":["post-35072","post","type-post","status-publish","format-standard","has-post-thumbnail","hentry","category-regionales"],"aioseo_notices":[],"gutentor_comment":0,"jetpack_featured_media_url":"https:\/\/eldiariodesanpedro.com.ar\/sitio\/wp-content\/uploads\/2018\/06\/Arranc\u00f3-el-Campamento-Sanitario-de-la-UNR-voluntarios.jpg","jetpack_shortlink":"https:\/\/wp.me\/p6RhLt-97G","jetpack_sharing_enabled":true,"_links":{"self":[{"href":"https:\/\/eldiariodesanpedro.com.ar\/sitio\/wp-json\/wp\/v2\/posts\/35072","targetHints":{"allow":["GET"]}}],"collection":[{"href":"https:\/\/eldiariodesanpedro.com.ar\/sitio\/wp-json\/wp\/v2\/posts"}],"about":[{"href":"https:\/\/eldiariodesanpedro.com.ar\/sitio\/wp-json\/wp\/v2\/types\/post"}],"author":[{"embeddable":true,"href":"https:\/\/eldiariodesanpedro.com.ar\/sitio\/wp-json\/wp\/v2\/users\/4"}],"replies":[{"embeddable":true,"href":"https:\/\/eldiariodesanpedro.com.ar\/sitio\/wp-json\/wp\/v2\/comments?post=35072"}],"version-history":[{"count":1,"href":"https:\/\/eldiariodesanpedro.com.ar\/sitio\/wp-json\/wp\/v2\/posts\/35072\/revisions"}],"predecessor-version":[{"id":35075,"href":"https:\/\/eldiariodesanpedro.com.ar\/sitio\/wp-json\/wp\/v2\/posts\/35072\/revisions\/35075"}],"wp:featuredmedia":[{"embeddable":true,"href":"https:\/\/eldiariodesanpedro.com.ar\/sitio\/wp-json\/wp\/v2\/media\/35073"}],"wp:attachment":[{"href":"https:\/\/eldiariodesanpedro.com.ar\/sitio\/wp-json\/wp\/v2\/media?parent=35072"}],"wp:term":[{"taxonomy":"category","embeddable":true,"href":"https:\/\/eldiariodesanpedro.com.ar\/sitio\/wp-json\/wp\/v2\/categories?post=35072"},{"taxonomy":"post_tag","embeddable":true,"href":"https:\/\/eldiariodesanpedro.com.ar\/sitio\/wp-json\/wp\/v2\/tags?post=35072"}],"curies":[{"name":"wp","href":"https:\/\/api.w.org\/{rel}","templated":true}]}}