{"id":35068,"date":"2018-06-20T19:35:41","date_gmt":"2018-06-20T22:35:41","guid":{"rendered":"https:\/\/eldiariodesanpedro.com.ar\/sitio\/?p=35068"},"modified":"2018-06-20T19:35:41","modified_gmt":"2018-06-20T22:35:41","slug":"san-nicolas-se-oficializo-la-creacion-del-consorcio-de-gestion-del-puerto","status":"publish","type":"post","link":"https:\/\/eldiariodesanpedro.com.ar\/sitio\/san-nicolas-se-oficializo-la-creacion-del-consorcio-de-gestion-del-puerto\/","title":{"rendered":"SAN NICOL\u00c1S: Se oficializ\u00f3 la creaci\u00f3n del consorcio de gesti\u00f3n del Puerto"},"content":{"rendered":"<p><!-- VideographyWP Plugin Message: Automatic video embedding prevented by plugin options. --><br \/>\nEl Ministro de Producci\u00f3n bonaerense, Javier Tizado, junto con el Intendente Manuel Passaglia, acordaron el anteproyecto de creaci\u00f3n y constituci\u00f3n del Consorcio de Gesti\u00f3n del Puerto San Nicol\u00e1s de los Arroyos, el paso h\u00eddrico comercial de mayor importancia sobre el litoral del r\u00edo Paran\u00e1.<\/p>\n<p>  Los Consorcios de gesti\u00f3n resultan figuras aut\u00e1rquicas, en tanto que la presencia de la Provincia en estos consorcios se asegura en la Presidencia del Directorio, que le da la facultad de auditor\u00eda y control de gesti\u00f3n.<\/p>\n<p>  Por consiguiente, estos consorcios no son una organizaci\u00f3n puramente privada, como pueden ser los puertos concesionados, sino que sostienen los objetivos de crecimiento trazados desde el gobierno nacional y provincial, que tiene el poder de polic\u00eda y control de la gesti\u00f3n.<\/p>\n<p>  Seg\u00fan Tizado, esta decisi\u00f3n surge del \u00aban\u00e1lisis estrat\u00e9gico para el desarrollo de los puertos bonaerenses. Esta es una pol\u00edtica compartida con la gobernadora Mar\u00eda Eugenia Vidal, que ser\u00e1 la encargada de firmar el decreto de materializaci\u00f3n del consorcio. Estamos convencidos de que los entes de gesti\u00f3n aut\u00f3noma dan a los puertos agilidad en la toma de decisiones sin perder los objetivos de crecimiento de la Provincia que nos trazamos desde la gesti\u00f3n\u00bb<br \/>\n  \u00abTomamos esta decisi\u00f3n priorizando el esfuerzo en coordinar y mejorar la competitividad de los puertos industriales y las terminales de carga. Estamos poniendo el foco en el comercio exterior, la producci\u00f3n con valor agregado, la log\u00edstica y el pleno empleo\u00bb, detall\u00f3 el titular de la cartera de Producci\u00f3n.<\/p>\n<p>  La constituci\u00f3n de un Consorcio de Gesti\u00f3n y la forma de integraci\u00f3n de su Directorio garantizar\u00e1n la representaci\u00f3n de los sectores involucrados en la actividad portuaria.<\/p>\n<p>Por su parte, el jefe comunal sostuvo que \u00abtenemos un plan de trabajo a mediano y largo plazo y hoy es un hecho concreto el que nos une que es la firma para la renovaci\u00f3n de las gr\u00faas del puerto. Esta decisi\u00f3n es hist\u00f3rica y viene a mejorar la actividad portuaria y a fortalecer el trabajo de nuestra ciudad\u201d.<\/p>\n<p>  Por \u00faltimo, asegur\u00f3 que el anteproyecto \u00abes un paso m\u00e1s en el trabajo conjunto con la provincia y la naci\u00f3n en beneficio de los nicole\u00f1os\u00bb.<\/p>\n<p>  El Puerto de San Nicol\u00e1s, que gracias a su ubicaci\u00f3n estrat\u00e9gica es una zona de entrada, salida y de tr\u00e1nsito, fue habilitado por decreto el 1\u00ba de agosto de 1823.<\/p>\n<p>Fuente: Diario El Informante<\/p>\n","protected":false},"excerpt":{"rendered":"<p>El Ministro de Producci\u00f3n bonaerense, Javier Tizado, junto con el Intendente Manuel Passaglia, acordaron el anteproyecto de creaci\u00f3n y constituci\u00f3n del Consorcio de Gesti\u00f3n del Puerto San Nicol\u00e1s de los Arroyos, el paso h\u00eddrico comercial de mayor importancia sobre el litoral del r\u00edo Paran\u00e1. Los Consorcios de gesti\u00f3n resultan figuras aut\u00e1rquicas, en tanto que la [&hellip;]<\/p>\n","protected":false},"author":4,"featured_media":35070,"comment_status":"open","ping_status":"closed","sticky":false,"template":"","format":"standard","meta":{"om_disable_all_campaigns":false,"_jetpack_memberships_contains_paid_content":false,"footnotes":""},"categories":[621],"tags":[],"class_list":["post-35068","post","type-post","status-publish","format-standard","has-post-thumbnail","hentry","category-regionales"],"aioseo_notices":[],"gutentor_comment":0,"jetpack_featured_media_url":"https:\/\/eldiariodesanpedro.com.ar\/sitio\/wp-content\/uploads\/2018\/06\/SAN-NICOL\u00c1S-Se-oficializ\u00f3-la-creaci\u00f3n-del-consorcio-de-gesti\u00f3n-del-Puerto.jpg","jetpack_shortlink":"https:\/\/wp.me\/p6RhLt-97C","jetpack_sharing_enabled":true,"_links":{"self":[{"href":"https:\/\/eldiariodesanpedro.com.ar\/sitio\/wp-json\/wp\/v2\/posts\/35068","targetHints":{"allow":["GET"]}}],"collection":[{"href":"https:\/\/eldiariodesanpedro.com.ar\/sitio\/wp-json\/wp\/v2\/posts"}],"about":[{"href":"https:\/\/eldiariodesanpedro.com.ar\/sitio\/wp-json\/wp\/v2\/types\/post"}],"author":[{"embeddable":true,"href":"https:\/\/eldiariodesanpedro.com.ar\/sitio\/wp-json\/wp\/v2\/users\/4"}],"replies":[{"embeddable":true,"href":"https:\/\/eldiariodesanpedro.com.ar\/sitio\/wp-json\/wp\/v2\/comments?post=35068"}],"version-history":[{"count":1,"href":"https:\/\/eldiariodesanpedro.com.ar\/sitio\/wp-json\/wp\/v2\/posts\/35068\/revisions"}],"predecessor-version":[{"id":35071,"href":"https:\/\/eldiariodesanpedro.com.ar\/sitio\/wp-json\/wp\/v2\/posts\/35068\/revisions\/35071"}],"wp:featuredmedia":[{"embeddable":true,"href":"https:\/\/eldiariodesanpedro.com.ar\/sitio\/wp-json\/wp\/v2\/media\/35070"}],"wp:attachment":[{"href":"https:\/\/eldiariodesanpedro.com.ar\/sitio\/wp-json\/wp\/v2\/media?parent=35068"}],"wp:term":[{"taxonomy":"category","embeddable":true,"href":"https:\/\/eldiariodesanpedro.com.ar\/sitio\/wp-json\/wp\/v2\/categories?post=35068"},{"taxonomy":"post_tag","embeddable":true,"href":"https:\/\/eldiariodesanpedro.com.ar\/sitio\/wp-json\/wp\/v2\/tags?post=35068"}],"curies":[{"name":"wp","href":"https:\/\/api.w.org\/{rel}","templated":true}]}}