{"id":35063,"date":"2018-06-20T19:33:43","date_gmt":"2018-06-20T22:33:43","guid":{"rendered":"https:\/\/eldiariodesanpedro.com.ar\/sitio\/?p=35063"},"modified":"2018-06-20T19:33:43","modified_gmt":"2018-06-20T22:33:43","slug":"baradero-avanza-la-construccion-de-la-escalera-del-cristo","status":"publish","type":"post","link":"https:\/\/eldiariodesanpedro.com.ar\/sitio\/baradero-avanza-la-construccion-de-la-escalera-del-cristo\/","title":{"rendered":"BARADERO: Avanza la construcci\u00f3n de la Escalera del Cristo"},"content":{"rendered":"<p><!-- VideographyWP Plugin Message: Automatic video embedding prevented by plugin options. --><br \/>\nLuego de su construcci\u00f3n y de las tareas de nivelaci\u00f3n y entoscado del camino, en las \u00faltimas semanas comenz\u00f3 a colocarse la escalera met\u00e1lica cumpliendo la etapa final de la obra.<\/p>\n<p>  La obra que ya est\u00e1 en construcci\u00f3n tiene como principal objetivo incrementar las \u00e1reas y v\u00edas de esparcimiento con prioridad peatonal, mediante el tratamiento paisaj\u00edstico ornamental y obras de arquitectura con alto enfoque en el beneficio social general, donde tambi\u00e9n se busca incrementar el recorrido del paseo costero, el cual pueda ser realizado de forma peatonal entre el Puerto y el Monumento al Cristo.<\/p>\n<p>  Otra de las finalidades importantes est\u00e1 basada en poner en valor la zona de alta potencialidad tur\u00edstica, a los efectos de dinamizar la econom\u00eda regional mediante el incremento de visitantes y turistas a Baradero; y fomentar el desarrollo de proyectos integrados aprovechando los recursos naturales potencialmente explorables favoreciendo el desarrollo de las poblaciones beneficiarias con el proyecto. Cabe destacar que habr\u00e1 alteraci\u00f3n m\u00ednima del ecosistema en el cual se enmarca el \u00e1rea de influencia de la obra.<\/p>\n<p>Fuente: Tu L\u00ednea Directa<\/p>\n","protected":false},"excerpt":{"rendered":"<p>Luego de su construcci\u00f3n y de las tareas de nivelaci\u00f3n y entoscado del camino, en las \u00faltimas semanas comenz\u00f3 a colocarse la escalera met\u00e1lica cumpliendo la etapa final de la obra. La obra que ya est\u00e1 en construcci\u00f3n tiene como principal objetivo incrementar las \u00e1reas y v\u00edas de esparcimiento con prioridad peatonal, mediante el tratamiento [&hellip;]<\/p>\n","protected":false},"author":4,"featured_media":35067,"comment_status":"open","ping_status":"closed","sticky":false,"template":"","format":"standard","meta":{"om_disable_all_campaigns":false,"_jetpack_memberships_contains_paid_content":false,"footnotes":""},"categories":[621],"tags":[],"class_list":["post-35063","post","type-post","status-publish","format-standard","has-post-thumbnail","hentry","category-regionales"],"aioseo_notices":[],"gutentor_comment":0,"jetpack_featured_media_url":"https:\/\/eldiariodesanpedro.com.ar\/sitio\/wp-content\/uploads\/2018\/06\/Avanza-la-construcci\u00f3n-de-la-Escalera-del-Cristo.jpg","jetpack_shortlink":"https:\/\/wp.me\/p6RhLt-97x","jetpack_sharing_enabled":true,"_links":{"self":[{"href":"https:\/\/eldiariodesanpedro.com.ar\/sitio\/wp-json\/wp\/v2\/posts\/35063","targetHints":{"allow":["GET"]}}],"collection":[{"href":"https:\/\/eldiariodesanpedro.com.ar\/sitio\/wp-json\/wp\/v2\/posts"}],"about":[{"href":"https:\/\/eldiariodesanpedro.com.ar\/sitio\/wp-json\/wp\/v2\/types\/post"}],"author":[{"embeddable":true,"href":"https:\/\/eldiariodesanpedro.com.ar\/sitio\/wp-json\/wp\/v2\/users\/4"}],"replies":[{"embeddable":true,"href":"https:\/\/eldiariodesanpedro.com.ar\/sitio\/wp-json\/wp\/v2\/comments?post=35063"}],"version-history":[{"count":1,"href":"https:\/\/eldiariodesanpedro.com.ar\/sitio\/wp-json\/wp\/v2\/posts\/35063\/revisions"}],"predecessor-version":[{"id":35069,"href":"https:\/\/eldiariodesanpedro.com.ar\/sitio\/wp-json\/wp\/v2\/posts\/35063\/revisions\/35069"}],"wp:featuredmedia":[{"embeddable":true,"href":"https:\/\/eldiariodesanpedro.com.ar\/sitio\/wp-json\/wp\/v2\/media\/35067"}],"wp:attachment":[{"href":"https:\/\/eldiariodesanpedro.com.ar\/sitio\/wp-json\/wp\/v2\/media?parent=35063"}],"wp:term":[{"taxonomy":"category","embeddable":true,"href":"https:\/\/eldiariodesanpedro.com.ar\/sitio\/wp-json\/wp\/v2\/categories?post=35063"},{"taxonomy":"post_tag","embeddable":true,"href":"https:\/\/eldiariodesanpedro.com.ar\/sitio\/wp-json\/wp\/v2\/tags?post=35063"}],"curies":[{"name":"wp","href":"https:\/\/api.w.org\/{rel}","templated":true}]}}