{"id":35057,"date":"2018-06-20T10:03:45","date_gmt":"2018-06-20T13:03:45","guid":{"rendered":"https:\/\/eldiariodesanpedro.com.ar\/sitio\/?p=35057"},"modified":"2018-06-20T10:03:45","modified_gmt":"2018-06-20T13:03:45","slug":"detuvieron-al-lobizon-el-delincuente-que-asalto-a-una-familia-mientras-dormian","status":"publish","type":"post","link":"https:\/\/eldiariodesanpedro.com.ar\/sitio\/detuvieron-al-lobizon-el-delincuente-que-asalto-a-una-familia-mientras-dormian\/","title":{"rendered":"Detuvieron al \u201cLobiz\u00f3n\u201d, el delincuente que asalt\u00f3 a una familia mientras dorm\u00edan"},"content":{"rendered":"<p><!-- VideographyWP Plugin Message: Automatic video embedding prevented by plugin options. --><br \/>\nEl grav\u00edsimo  hecho ocurri\u00f3 el lunes por la ma\u00f1ana cuando delincuentes ingresaron a una vivienda momentos en que se encontraba la familia durmiendo tras violentar la puerta de entrada de la casa, ubicada en calle Manuel Iglesias al 400.<\/p>\n<p>En el interior, una pareja y su hija de 19 a\u00f1os, fueron sorprendidas por delincuentes que los intimidaron mediante amenazas con armas de fuego y se apoderaron de  tel\u00e9fonos celulares, una campera, las llaves y documentaci\u00f3n de una motocicleta  y un Tv.<\/p>\n<p>Tras averiguaciones se pudo establecer la identidad de uno de ellos, Carlos Sa\u00fal Candiotti conocido como el \u201cLobiz\u00f3n\u201d de 26 a\u00f1os de edad.<\/p>\n<p>Este martes en horas de la tarde la UFI N\u00ba5 a cargo del Dr. Marcelo Manzo, orden\u00f3 el allanamiento y detenci\u00f3n por robo agravado por el uso de arma de fuego al delincuente identificado. La diligencia se realiz\u00f3 en el domicilio de Liniers al 1200, a pocas cuadras de haber cometido el hecho.<\/p>\n<p>Carlos Sa\u00fal Candiotti, alias el \u201cLobiz\u00f3n\u201d es un delincuente con frondosos antecedentes por delitos contra la propiedad y las personas, como robos, robos calificados y arrebatos. Fue detenido y alojado provisoriamente en la comisar\u00eda local a  disposici\u00f3n de la UFI N\u00b0 5.-<\/p>\n","protected":false},"excerpt":{"rendered":"<p>El grav\u00edsimo hecho ocurri\u00f3 el lunes por la ma\u00f1ana cuando delincuentes ingresaron a una vivienda momentos en que se encontraba la familia durmiendo tras violentar la puerta de entrada de la casa, ubicada en calle Manuel Iglesias al 400. En el interior, una pareja y su hija de 19 a\u00f1os, fueron sorprendidas por delincuentes que [&hellip;]<\/p>\n","protected":false},"author":4,"featured_media":30195,"comment_status":"open","ping_status":"closed","sticky":false,"template":"","format":"standard","meta":{"om_disable_all_campaigns":false,"_jetpack_memberships_contains_paid_content":false,"footnotes":""},"categories":[50,2,103],"tags":[],"class_list":["post-35057","post","type-post","status-publish","format-standard","has-post-thumbnail","hentry","category-destacadas","category-locales","category-policiales-locales"],"aioseo_notices":[],"gutentor_comment":0,"jetpack_featured_media_url":"https:\/\/eldiariodesanpedro.com.ar\/sitio\/wp-content\/uploads\/2018\/03\/Aprehendido-y-ofuscado.jpg","jetpack_shortlink":"https:\/\/wp.me\/p6RhLt-97r","jetpack_sharing_enabled":true,"_links":{"self":[{"href":"https:\/\/eldiariodesanpedro.com.ar\/sitio\/wp-json\/wp\/v2\/posts\/35057","targetHints":{"allow":["GET"]}}],"collection":[{"href":"https:\/\/eldiariodesanpedro.com.ar\/sitio\/wp-json\/wp\/v2\/posts"}],"about":[{"href":"https:\/\/eldiariodesanpedro.com.ar\/sitio\/wp-json\/wp\/v2\/types\/post"}],"author":[{"embeddable":true,"href":"https:\/\/eldiariodesanpedro.com.ar\/sitio\/wp-json\/wp\/v2\/users\/4"}],"replies":[{"embeddable":true,"href":"https:\/\/eldiariodesanpedro.com.ar\/sitio\/wp-json\/wp\/v2\/comments?post=35057"}],"version-history":[{"count":1,"href":"https:\/\/eldiariodesanpedro.com.ar\/sitio\/wp-json\/wp\/v2\/posts\/35057\/revisions"}],"predecessor-version":[{"id":35058,"href":"https:\/\/eldiariodesanpedro.com.ar\/sitio\/wp-json\/wp\/v2\/posts\/35057\/revisions\/35058"}],"wp:featuredmedia":[{"embeddable":true,"href":"https:\/\/eldiariodesanpedro.com.ar\/sitio\/wp-json\/wp\/v2\/media\/30195"}],"wp:attachment":[{"href":"https:\/\/eldiariodesanpedro.com.ar\/sitio\/wp-json\/wp\/v2\/media?parent=35057"}],"wp:term":[{"taxonomy":"category","embeddable":true,"href":"https:\/\/eldiariodesanpedro.com.ar\/sitio\/wp-json\/wp\/v2\/categories?post=35057"},{"taxonomy":"post_tag","embeddable":true,"href":"https:\/\/eldiariodesanpedro.com.ar\/sitio\/wp-json\/wp\/v2\/tags?post=35057"}],"curies":[{"name":"wp","href":"https:\/\/api.w.org\/{rel}","templated":true}]}}