{"id":35051,"date":"2018-06-20T09:04:03","date_gmt":"2018-06-20T12:04:03","guid":{"rendered":"https:\/\/eldiariodesanpedro.com.ar\/sitio\/?p=35051"},"modified":"2018-06-20T09:04:03","modified_gmt":"2018-06-20T12:04:03","slug":"lo-descubrieron-infraganti-robando-mercaderia-en-un-supermercado","status":"publish","type":"post","link":"https:\/\/eldiariodesanpedro.com.ar\/sitio\/lo-descubrieron-infraganti-robando-mercaderia-en-un-supermercado\/","title":{"rendered":"Lo descubrieron infraganti robando mercader\u00eda en un Supermercado"},"content":{"rendered":"<p><!-- VideographyWP Plugin Message: Automatic video embedding prevented by plugin options. --><\/p>\n<p>El hecho se produjo el d\u00eda martes por la tarde, en un Supermercado Chino sito en calle Aul\u00ed y Miguel Porta, cuando un joven de 19 a\u00f1os estaba robando mercader\u00eda de las g\u00f3ndolas y las guardaba en su prenda de vestir.<\/p>\n<p>Personal policial, que se encontraba cerca del lugar, fue alertado por clientes y procedi\u00f3 a la aprehensi\u00f3n del delincuente descubri\u00e9ndose infraganti cometiendo el delito de hurto  por el que fue trasladado a la seccional policial.<\/p>\n<p>Mantenida comunicaci\u00f3n con UFI N\u00b0 05 dispone notificaci\u00f3n de actuaciones por el delito de tentativa de hurto  y  remisi\u00f3n a primera audiencia.<\/p>\n","protected":false},"excerpt":{"rendered":"<p>El hecho se produjo el d\u00eda martes por la tarde, en un Supermercado Chino sito en calle Aul\u00ed y Miguel Porta, cuando un joven de 19 a\u00f1os estaba robando mercader\u00eda de las g\u00f3ndolas y las guardaba en su prenda de vestir. Personal policial, que se encontraba cerca del lugar, fue alertado por clientes y procedi\u00f3 [&hellip;]<\/p>\n","protected":false},"author":4,"featured_media":35052,"comment_status":"open","ping_status":"closed","sticky":false,"template":"","format":"standard","meta":{"om_disable_all_campaigns":false,"_jetpack_memberships_contains_paid_content":false,"footnotes":""},"categories":[2,103],"tags":[],"class_list":["post-35051","post","type-post","status-publish","format-standard","has-post-thumbnail","hentry","category-locales","category-policiales-locales"],"aioseo_notices":[],"gutentor_comment":0,"jetpack_featured_media_url":"https:\/\/eldiariodesanpedro.com.ar\/sitio\/wp-content\/uploads\/2018\/06\/Robo-en-supermercado.jpg","jetpack_shortlink":"https:\/\/wp.me\/p6RhLt-97l","jetpack_sharing_enabled":true,"_links":{"self":[{"href":"https:\/\/eldiariodesanpedro.com.ar\/sitio\/wp-json\/wp\/v2\/posts\/35051","targetHints":{"allow":["GET"]}}],"collection":[{"href":"https:\/\/eldiariodesanpedro.com.ar\/sitio\/wp-json\/wp\/v2\/posts"}],"about":[{"href":"https:\/\/eldiariodesanpedro.com.ar\/sitio\/wp-json\/wp\/v2\/types\/post"}],"author":[{"embeddable":true,"href":"https:\/\/eldiariodesanpedro.com.ar\/sitio\/wp-json\/wp\/v2\/users\/4"}],"replies":[{"embeddable":true,"href":"https:\/\/eldiariodesanpedro.com.ar\/sitio\/wp-json\/wp\/v2\/comments?post=35051"}],"version-history":[{"count":1,"href":"https:\/\/eldiariodesanpedro.com.ar\/sitio\/wp-json\/wp\/v2\/posts\/35051\/revisions"}],"predecessor-version":[{"id":35053,"href":"https:\/\/eldiariodesanpedro.com.ar\/sitio\/wp-json\/wp\/v2\/posts\/35051\/revisions\/35053"}],"wp:featuredmedia":[{"embeddable":true,"href":"https:\/\/eldiariodesanpedro.com.ar\/sitio\/wp-json\/wp\/v2\/media\/35052"}],"wp:attachment":[{"href":"https:\/\/eldiariodesanpedro.com.ar\/sitio\/wp-json\/wp\/v2\/media?parent=35051"}],"wp:term":[{"taxonomy":"category","embeddable":true,"href":"https:\/\/eldiariodesanpedro.com.ar\/sitio\/wp-json\/wp\/v2\/categories?post=35051"},{"taxonomy":"post_tag","embeddable":true,"href":"https:\/\/eldiariodesanpedro.com.ar\/sitio\/wp-json\/wp\/v2\/tags?post=35051"}],"curies":[{"name":"wp","href":"https:\/\/api.w.org\/{rel}","templated":true}]}}