{"id":35046,"date":"2018-06-19T10:15:05","date_gmt":"2018-06-19T13:15:05","guid":{"rendered":"https:\/\/eldiariodesanpedro.com.ar\/sitio\/?p=35046"},"modified":"2018-06-19T10:15:05","modified_gmt":"2018-06-19T13:15:05","slug":"incendio-en-una-vivienda-en-horas-de-la-madrugada","status":"publish","type":"post","link":"https:\/\/eldiariodesanpedro.com.ar\/sitio\/incendio-en-una-vivienda-en-horas-de-la-madrugada\/","title":{"rendered":"Incendio en una vivienda en horas de la madrugada"},"content":{"rendered":"<p><!-- VideographyWP Plugin Message: Automatic video embedding prevented by plugin options. --><br \/>\nDos dotaciones de bomberos y personal policial participaron de un fuerte incendio en el Barrio Arcor de una vivienda que no hab\u00eda nadie en su interior pero hubo una perdida muy grande de materiales.<\/p>\n<p>En la madrugada de hoy, se produjo un incendio en un monoblock ubicado en calle 64 al 700 del Barrio Arcor, donde dos dotaciones de bomberos tuvieron que sofocar el siniestro, las p\u00e9rdidas fueron totales en el sector de cocina y comedor donde hab\u00eda silla, mesa, sillones, una motocicleta y donde tambi\u00e9n por la fuerte temperatura  los vidrios de las ventanas se rompieron.<\/p>\n<p>Personal policial informo que los moradores no se encontraban en el lugar y que todav\u00eda no dieron con el paradero de ellos.<\/p>\n","protected":false},"excerpt":{"rendered":"<p>Dos dotaciones de bomberos y personal policial participaron de un fuerte incendio en el Barrio Arcor de una vivienda que no hab\u00eda nadie en su interior pero hubo una perdida muy grande de materiales. En la madrugada de hoy, se produjo un incendio en un monoblock ubicado en calle 64 al 700 del Barrio Arcor, [&hellip;]<\/p>\n","protected":false},"author":4,"featured_media":35047,"comment_status":"open","ping_status":"closed","sticky":false,"template":"","format":"standard","meta":{"om_disable_all_campaigns":false,"_jetpack_memberships_contains_paid_content":false,"footnotes":""},"categories":[2,103],"tags":[],"class_list":["post-35046","post","type-post","status-publish","format-standard","has-post-thumbnail","hentry","category-locales","category-policiales-locales"],"aioseo_notices":[],"gutentor_comment":0,"jetpack_featured_media_url":"https:\/\/eldiariodesanpedro.com.ar\/sitio\/wp-content\/uploads\/2018\/06\/WhatsApp-Image-2018-06-19-at-10.05.18.jpeg","jetpack_shortlink":"https:\/\/wp.me\/p6RhLt-97g","jetpack_sharing_enabled":true,"_links":{"self":[{"href":"https:\/\/eldiariodesanpedro.com.ar\/sitio\/wp-json\/wp\/v2\/posts\/35046","targetHints":{"allow":["GET"]}}],"collection":[{"href":"https:\/\/eldiariodesanpedro.com.ar\/sitio\/wp-json\/wp\/v2\/posts"}],"about":[{"href":"https:\/\/eldiariodesanpedro.com.ar\/sitio\/wp-json\/wp\/v2\/types\/post"}],"author":[{"embeddable":true,"href":"https:\/\/eldiariodesanpedro.com.ar\/sitio\/wp-json\/wp\/v2\/users\/4"}],"replies":[{"embeddable":true,"href":"https:\/\/eldiariodesanpedro.com.ar\/sitio\/wp-json\/wp\/v2\/comments?post=35046"}],"version-history":[{"count":1,"href":"https:\/\/eldiariodesanpedro.com.ar\/sitio\/wp-json\/wp\/v2\/posts\/35046\/revisions"}],"predecessor-version":[{"id":35048,"href":"https:\/\/eldiariodesanpedro.com.ar\/sitio\/wp-json\/wp\/v2\/posts\/35046\/revisions\/35048"}],"wp:featuredmedia":[{"embeddable":true,"href":"https:\/\/eldiariodesanpedro.com.ar\/sitio\/wp-json\/wp\/v2\/media\/35047"}],"wp:attachment":[{"href":"https:\/\/eldiariodesanpedro.com.ar\/sitio\/wp-json\/wp\/v2\/media?parent=35046"}],"wp:term":[{"taxonomy":"category","embeddable":true,"href":"https:\/\/eldiariodesanpedro.com.ar\/sitio\/wp-json\/wp\/v2\/categories?post=35046"},{"taxonomy":"post_tag","embeddable":true,"href":"https:\/\/eldiariodesanpedro.com.ar\/sitio\/wp-json\/wp\/v2\/tags?post=35046"}],"curies":[{"name":"wp","href":"https:\/\/api.w.org\/{rel}","templated":true}]}}