{"id":35042,"date":"2018-06-19T10:04:39","date_gmt":"2018-06-19T13:04:39","guid":{"rendered":"https:\/\/eldiariodesanpedro.com.ar\/sitio\/?p=35042"},"modified":"2018-06-19T10:04:39","modified_gmt":"2018-06-19T13:04:39","slug":"un-joven-de-20-anos-fue-interceptado-por-una-pareja-de-delincuentes","status":"publish","type":"post","link":"https:\/\/eldiariodesanpedro.com.ar\/sitio\/un-joven-de-20-anos-fue-interceptado-por-una-pareja-de-delincuentes\/","title":{"rendered":"Un joven de 20 a\u00f1os fue interceptado por una pareja de delincuentes"},"content":{"rendered":"<p><!-- VideographyWP Plugin Message: Automatic video embedding prevented by plugin options. --><br \/>\nEl lunes por la noche, un joven de 20 a\u00f1os que circulaba en su bicicleta fue asaltado por una pareja de delincuentes al llegar a la intersecci\u00f3n de calle Quiroga y Las Provincias que tras intimidaci\u00f3n verbal le sustraen el tel\u00e9fono celular de entre sus ropas d\u00e1ndose a la fuga r\u00e1pidamente.<\/p>\n","protected":false},"excerpt":{"rendered":"<p>El lunes por la noche, un joven de 20 a\u00f1os que circulaba en su bicicleta fue asaltado por una pareja de delincuentes al llegar a la intersecci\u00f3n de calle Quiroga y Las Provincias que tras intimidaci\u00f3n verbal le sustraen el tel\u00e9fono celular de entre sus ropas d\u00e1ndose a la fuga r\u00e1pidamente.<\/p>\n","protected":false},"author":4,"featured_media":27944,"comment_status":"open","ping_status":"closed","sticky":false,"template":"","format":"standard","meta":{"om_disable_all_campaigns":false,"_jetpack_memberships_contains_paid_content":false,"footnotes":""},"categories":[2,103],"tags":[],"class_list":["post-35042","post","type-post","status-publish","format-standard","has-post-thumbnail","hentry","category-locales","category-policiales-locales"],"aioseo_notices":[],"gutentor_comment":0,"jetpack_featured_media_url":"https:\/\/eldiariodesanpedro.com.ar\/sitio\/wp-content\/uploads\/2018\/01\/menor-robo-cuchillo-celular.jpg","jetpack_shortlink":"https:\/\/wp.me\/p6RhLt-97c","jetpack_sharing_enabled":true,"_links":{"self":[{"href":"https:\/\/eldiariodesanpedro.com.ar\/sitio\/wp-json\/wp\/v2\/posts\/35042","targetHints":{"allow":["GET"]}}],"collection":[{"href":"https:\/\/eldiariodesanpedro.com.ar\/sitio\/wp-json\/wp\/v2\/posts"}],"about":[{"href":"https:\/\/eldiariodesanpedro.com.ar\/sitio\/wp-json\/wp\/v2\/types\/post"}],"author":[{"embeddable":true,"href":"https:\/\/eldiariodesanpedro.com.ar\/sitio\/wp-json\/wp\/v2\/users\/4"}],"replies":[{"embeddable":true,"href":"https:\/\/eldiariodesanpedro.com.ar\/sitio\/wp-json\/wp\/v2\/comments?post=35042"}],"version-history":[{"count":1,"href":"https:\/\/eldiariodesanpedro.com.ar\/sitio\/wp-json\/wp\/v2\/posts\/35042\/revisions"}],"predecessor-version":[{"id":35043,"href":"https:\/\/eldiariodesanpedro.com.ar\/sitio\/wp-json\/wp\/v2\/posts\/35042\/revisions\/35043"}],"wp:featuredmedia":[{"embeddable":true,"href":"https:\/\/eldiariodesanpedro.com.ar\/sitio\/wp-json\/wp\/v2\/media\/27944"}],"wp:attachment":[{"href":"https:\/\/eldiariodesanpedro.com.ar\/sitio\/wp-json\/wp\/v2\/media?parent=35042"}],"wp:term":[{"taxonomy":"category","embeddable":true,"href":"https:\/\/eldiariodesanpedro.com.ar\/sitio\/wp-json\/wp\/v2\/categories?post=35042"},{"taxonomy":"post_tag","embeddable":true,"href":"https:\/\/eldiariodesanpedro.com.ar\/sitio\/wp-json\/wp\/v2\/tags?post=35042"}],"curies":[{"name":"wp","href":"https:\/\/api.w.org\/{rel}","templated":true}]}}