{"id":35040,"date":"2018-06-19T10:01:56","date_gmt":"2018-06-19T13:01:56","guid":{"rendered":"https:\/\/eldiariodesanpedro.com.ar\/sitio\/?p=35040"},"modified":"2018-06-19T10:01:56","modified_gmt":"2018-06-19T13:01:56","slug":"fue-agredida-en-las-puertas-de-una-escuela","status":"publish","type":"post","link":"https:\/\/eldiariodesanpedro.com.ar\/sitio\/fue-agredida-en-las-puertas-de-una-escuela\/","title":{"rendered":"Fue agredida  en las puertas de una escuela"},"content":{"rendered":"<p><!-- VideographyWP Plugin Message: Automatic video embedding prevented by plugin options. --><br \/>\nUna joven de 28 a\u00f1os se dirigi\u00f3 a llevar a su hija a la escuela N 48 ubicada en calle Rivadavia y Esqui\u00fa donde es interceptada por otra que circulaba en una motocicleta provocando golpes con punta de pie en su cuerpo.<\/p>\n<p>La joven v\u00edctima de la agresi\u00f3n radico la denuncia en la comisaria local y cont\u00f3 que la conoce a la agresora y que tiene problemas de larga data .<\/p>\n<p>Interviene UFI N 5<\/p>\n","protected":false},"excerpt":{"rendered":"<p>Una joven de 28 a\u00f1os se dirigi\u00f3 a llevar a su hija a la escuela N 48 ubicada en calle Rivadavia y Esqui\u00fa donde es interceptada por otra que circulaba en una motocicleta provocando golpes con punta de pie en su cuerpo. La joven v\u00edctima de la agresi\u00f3n radico la denuncia en la comisaria local [&hellip;]<\/p>\n","protected":false},"author":4,"featured_media":7091,"comment_status":"open","ping_status":"closed","sticky":false,"template":"","format":"standard","meta":{"om_disable_all_campaigns":false,"_jetpack_memberships_contains_paid_content":false,"footnotes":""},"categories":[2,103],"tags":[],"class_list":["post-35040","post","type-post","status-publish","format-standard","has-post-thumbnail","hentry","category-locales","category-policiales-locales"],"aioseo_notices":[],"gutentor_comment":0,"jetpack_featured_media_url":"https:\/\/eldiariodesanpedro.com.ar\/sitio\/wp-content\/uploads\/2016\/08\/mujeres-peleando.jpg","jetpack_shortlink":"https:\/\/wp.me\/p6RhLt-97a","jetpack_sharing_enabled":true,"_links":{"self":[{"href":"https:\/\/eldiariodesanpedro.com.ar\/sitio\/wp-json\/wp\/v2\/posts\/35040","targetHints":{"allow":["GET"]}}],"collection":[{"href":"https:\/\/eldiariodesanpedro.com.ar\/sitio\/wp-json\/wp\/v2\/posts"}],"about":[{"href":"https:\/\/eldiariodesanpedro.com.ar\/sitio\/wp-json\/wp\/v2\/types\/post"}],"author":[{"embeddable":true,"href":"https:\/\/eldiariodesanpedro.com.ar\/sitio\/wp-json\/wp\/v2\/users\/4"}],"replies":[{"embeddable":true,"href":"https:\/\/eldiariodesanpedro.com.ar\/sitio\/wp-json\/wp\/v2\/comments?post=35040"}],"version-history":[{"count":1,"href":"https:\/\/eldiariodesanpedro.com.ar\/sitio\/wp-json\/wp\/v2\/posts\/35040\/revisions"}],"predecessor-version":[{"id":35041,"href":"https:\/\/eldiariodesanpedro.com.ar\/sitio\/wp-json\/wp\/v2\/posts\/35040\/revisions\/35041"}],"wp:featuredmedia":[{"embeddable":true,"href":"https:\/\/eldiariodesanpedro.com.ar\/sitio\/wp-json\/wp\/v2\/media\/7091"}],"wp:attachment":[{"href":"https:\/\/eldiariodesanpedro.com.ar\/sitio\/wp-json\/wp\/v2\/media?parent=35040"}],"wp:term":[{"taxonomy":"category","embeddable":true,"href":"https:\/\/eldiariodesanpedro.com.ar\/sitio\/wp-json\/wp\/v2\/categories?post=35040"},{"taxonomy":"post_tag","embeddable":true,"href":"https:\/\/eldiariodesanpedro.com.ar\/sitio\/wp-json\/wp\/v2\/tags?post=35040"}],"curies":[{"name":"wp","href":"https:\/\/api.w.org\/{rel}","templated":true}]}}