{"id":35031,"date":"2018-06-18T21:04:42","date_gmt":"2018-06-19T00:04:42","guid":{"rendered":"https:\/\/eldiariodesanpedro.com.ar\/sitio\/?p=35031"},"modified":"2018-06-18T21:04:42","modified_gmt":"2018-06-19T00:04:42","slug":"apertura-del-ciclo-lectivo-indigena","status":"publish","type":"post","link":"https:\/\/eldiariodesanpedro.com.ar\/sitio\/apertura-del-ciclo-lectivo-indigena\/","title":{"rendered":"Apertura del Ciclo Lectivo Ind\u00edgena"},"content":{"rendered":"<p><!-- VideographyWP Plugin Message: Automatic video embedding prevented by plugin options. --><br \/>\nLa Municipalidad de San Pedro informa que el pr\u00f3ximo viernes 22 de junio dar\u00e1 comienzo el Ciclo Lectivo Ind\u00edgena 2018 con una serie de actividades programadas de acuerdo al siguiente cronograma:<br \/>\n  A las 9 en el Sal\u00f3n Dorado del Honorable Concejo Deliberante se realizar\u00e1 el acto oficial con la participaci\u00f3n de autoridades del Ejecutivo y del HCD, la Cacique de la Comunidad a comunidad \u201cLma Lacia Qom\u201d Clara Romero y autoridades provinciales y nacionales de Derechos Humanos, Direcci\u00f3n General de Cultura y Educaci\u00f3n, Direcci\u00f3n de Pol\u00edticas Socioeducativas y representantes del INAI, Instituto Nacional de Asuntos Ind\u00edgenas.<br \/>\n  A las 10 hs. se realizar\u00e1 un acto escolar en la EES N\u00b08 Mariano Moreno y como cierre a las 11.30 hs. tendr\u00e1 lugar en el Centro El Antigal, Manuel Iglesias 1515 con la inauguraci\u00f3n de la sala de lectura para educaci\u00f3n inicial, donde se realizar\u00e1 una breve conferencia de prensa.<\/p>\n","protected":false},"excerpt":{"rendered":"<p>La Municipalidad de San Pedro informa que el pr\u00f3ximo viernes 22 de junio dar\u00e1 comienzo el Ciclo Lectivo Ind\u00edgena 2018 con una serie de actividades programadas de acuerdo al siguiente cronograma: A las 9 en el Sal\u00f3n Dorado del Honorable Concejo Deliberante se realizar\u00e1 el acto oficial con la participaci\u00f3n de autoridades del Ejecutivo y [&hellip;]<\/p>\n","protected":false},"author":4,"featured_media":4495,"comment_status":"open","ping_status":"closed","sticky":false,"template":"","format":"standard","meta":{"om_disable_all_campaigns":false,"_jetpack_memberships_contains_paid_content":false,"footnotes":""},"categories":[101,2],"tags":[],"class_list":["post-35031","post","type-post","status-publish","format-standard","has-post-thumbnail","hentry","category-interes-general-locales","category-locales"],"aioseo_notices":[],"gutentor_comment":0,"jetpack_featured_media_url":"https:\/\/eldiariodesanpedro.com.ar\/sitio\/wp-content\/uploads\/2016\/05\/Municipalidad.jpg","jetpack_shortlink":"https:\/\/wp.me\/p6RhLt-971","jetpack_sharing_enabled":true,"_links":{"self":[{"href":"https:\/\/eldiariodesanpedro.com.ar\/sitio\/wp-json\/wp\/v2\/posts\/35031","targetHints":{"allow":["GET"]}}],"collection":[{"href":"https:\/\/eldiariodesanpedro.com.ar\/sitio\/wp-json\/wp\/v2\/posts"}],"about":[{"href":"https:\/\/eldiariodesanpedro.com.ar\/sitio\/wp-json\/wp\/v2\/types\/post"}],"author":[{"embeddable":true,"href":"https:\/\/eldiariodesanpedro.com.ar\/sitio\/wp-json\/wp\/v2\/users\/4"}],"replies":[{"embeddable":true,"href":"https:\/\/eldiariodesanpedro.com.ar\/sitio\/wp-json\/wp\/v2\/comments?post=35031"}],"version-history":[{"count":1,"href":"https:\/\/eldiariodesanpedro.com.ar\/sitio\/wp-json\/wp\/v2\/posts\/35031\/revisions"}],"predecessor-version":[{"id":35035,"href":"https:\/\/eldiariodesanpedro.com.ar\/sitio\/wp-json\/wp\/v2\/posts\/35031\/revisions\/35035"}],"wp:featuredmedia":[{"embeddable":true,"href":"https:\/\/eldiariodesanpedro.com.ar\/sitio\/wp-json\/wp\/v2\/media\/4495"}],"wp:attachment":[{"href":"https:\/\/eldiariodesanpedro.com.ar\/sitio\/wp-json\/wp\/v2\/media?parent=35031"}],"wp:term":[{"taxonomy":"category","embeddable":true,"href":"https:\/\/eldiariodesanpedro.com.ar\/sitio\/wp-json\/wp\/v2\/categories?post=35031"},{"taxonomy":"post_tag","embeddable":true,"href":"https:\/\/eldiariodesanpedro.com.ar\/sitio\/wp-json\/wp\/v2\/tags?post=35031"}],"curies":[{"name":"wp","href":"https:\/\/api.w.org\/{rel}","templated":true}]}}