{"id":35026,"date":"2018-06-18T20:48:27","date_gmt":"2018-06-18T23:48:27","guid":{"rendered":"https:\/\/eldiariodesanpedro.com.ar\/sitio\/?p=35026"},"modified":"2018-06-18T20:48:27","modified_gmt":"2018-06-18T23:48:27","slug":"dos-mujeres-heridas-en-accidente-de-transito","status":"publish","type":"post","link":"https:\/\/eldiariodesanpedro.com.ar\/sitio\/dos-mujeres-heridas-en-accidente-de-transito\/","title":{"rendered":"Dos mujeres heridas en accidente de tr\u00e1nsito"},"content":{"rendered":"<p><!-- VideographyWP Plugin Message: Automatic video embedding prevented by plugin options. --><br \/>\nLunes accidentado. Un nuevo accidente de tr\u00e1nsito para sumar a las alarmantes estad\u00edsticas de la ciudad. Esta vez, ocurri\u00f3 en las arterias que fueron asfaltadas hace muy poco tiempo cerca del Barrio San Francisco y El Argentino, donde \u00faltimamente han ocurrido varios incidentes.<\/p>\n<p>  Alrededor de las 14:00 hs se produjo el siniestro entre una motocicleta 110 cc marca Lucky, en la que circulaban dos mujeres mayores de edad y, un autom\u00f3vil Ford Focus color gris que era conducido por un hombre mayor de edad.<\/p>\n<p>  Las ambulancias del SAME y CEM debieron hacerse presentes para trasladar a las mujeres.<br \/>\n  Seg\u00fan testigos, no habr\u00eda sido un choque a gran velocidad, por lo que las lesiones sufridas no aparentaban ser de gravedad.<\/p>\n<p>  Los vecinos del lugar reclaman lomos de burros en esta zona de calles pavimentadas recientemente, porque las motocicletas circulan a alta velocidad representando un peligro para los ni\u00f1os que juegan en las calles. En esta zona, el pasado domingo domingo ocurrieron otros accidentes; uno en la misma esquina y otro, por la misma calle, pero una cuadra m\u00e1s adelante; tambi\u00e9n estar\u00edan involucradas motocicletas.<\/p>\n","protected":false},"excerpt":{"rendered":"<p>Lunes accidentado. Un nuevo accidente de tr\u00e1nsito para sumar a las alarmantes estad\u00edsticas de la ciudad. Esta vez, ocurri\u00f3 en las arterias que fueron asfaltadas hace muy poco tiempo cerca del Barrio San Francisco y El Argentino, donde \u00faltimamente han ocurrido varios incidentes. Alrededor de las 14:00 hs se produjo el siniestro entre una motocicleta [&hellip;]<\/p>\n","protected":false},"author":4,"featured_media":35027,"comment_status":"open","ping_status":"closed","sticky":false,"template":"","format":"standard","meta":{"om_disable_all_campaigns":false,"_jetpack_memberships_contains_paid_content":false,"footnotes":""},"categories":[2,103],"tags":[],"class_list":["post-35026","post","type-post","status-publish","format-standard","has-post-thumbnail","hentry","category-locales","category-policiales-locales"],"aioseo_notices":[],"gutentor_comment":0,"jetpack_featured_media_url":"https:\/\/eldiariodesanpedro.com.ar\/sitio\/wp-content\/uploads\/2018\/06\/Dos-mujeres-heridas-en-accidente-de-tr\u00e1nsito.jpeg","jetpack_shortlink":"https:\/\/wp.me\/p6RhLt-96W","jetpack_sharing_enabled":true,"_links":{"self":[{"href":"https:\/\/eldiariodesanpedro.com.ar\/sitio\/wp-json\/wp\/v2\/posts\/35026","targetHints":{"allow":["GET"]}}],"collection":[{"href":"https:\/\/eldiariodesanpedro.com.ar\/sitio\/wp-json\/wp\/v2\/posts"}],"about":[{"href":"https:\/\/eldiariodesanpedro.com.ar\/sitio\/wp-json\/wp\/v2\/types\/post"}],"author":[{"embeddable":true,"href":"https:\/\/eldiariodesanpedro.com.ar\/sitio\/wp-json\/wp\/v2\/users\/4"}],"replies":[{"embeddable":true,"href":"https:\/\/eldiariodesanpedro.com.ar\/sitio\/wp-json\/wp\/v2\/comments?post=35026"}],"version-history":[{"count":1,"href":"https:\/\/eldiariodesanpedro.com.ar\/sitio\/wp-json\/wp\/v2\/posts\/35026\/revisions"}],"predecessor-version":[{"id":35028,"href":"https:\/\/eldiariodesanpedro.com.ar\/sitio\/wp-json\/wp\/v2\/posts\/35026\/revisions\/35028"}],"wp:featuredmedia":[{"embeddable":true,"href":"https:\/\/eldiariodesanpedro.com.ar\/sitio\/wp-json\/wp\/v2\/media\/35027"}],"wp:attachment":[{"href":"https:\/\/eldiariodesanpedro.com.ar\/sitio\/wp-json\/wp\/v2\/media?parent=35026"}],"wp:term":[{"taxonomy":"category","embeddable":true,"href":"https:\/\/eldiariodesanpedro.com.ar\/sitio\/wp-json\/wp\/v2\/categories?post=35026"},{"taxonomy":"post_tag","embeddable":true,"href":"https:\/\/eldiariodesanpedro.com.ar\/sitio\/wp-json\/wp\/v2\/tags?post=35026"}],"curies":[{"name":"wp","href":"https:\/\/api.w.org\/{rel}","templated":true}]}}