{"id":35022,"date":"2018-06-18T20:31:57","date_gmt":"2018-06-18T23:31:57","guid":{"rendered":"https:\/\/eldiariodesanpedro.com.ar\/sitio\/?p=35022"},"modified":"2018-06-18T20:31:57","modified_gmt":"2018-06-18T23:31:57","slug":"ramallo-murio-un-joven-que-fue-herido-con-arma-blanca-en-la-zona-del-cuello","status":"publish","type":"post","link":"https:\/\/eldiariodesanpedro.com.ar\/sitio\/ramallo-murio-un-joven-que-fue-herido-con-arma-blanca-en-la-zona-del-cuello\/","title":{"rendered":"RAMALLO: Muri\u00f3 un joven que fue herido con arma blanca en la zona del cuello"},"content":{"rendered":"<p><!-- VideographyWP Plugin Message: Automatic video embedding prevented by plugin options. --><br \/>\nEl hombre de 27 a\u00f1os hab\u00eda sido herido gravemente este domingo por la tarde en una pelea callejera con un arma blanca en la zona del cuello, fue trasladado al Hospital Gomendio donde muri\u00f3 en horas de la madrugada. Luis L\u00f3pez, de 19 a\u00f1os, est\u00e1 detenido por el hecho.<\/p>\n<p>  El pasado domingo a la tardecita, Carlos Salguero fue atacado en la calle Rafael Obligado 655, entre Alvear y Saavedra, cerca de la cancha de f\u00fatbol del barrio La Laguna de Villa Ramallo. Como consecuencia de la agresi\u00f3n, que habr\u00eda sido con un cuchillo en la zona de la garganta, Salguero fue trasladado en grave estado al Hospital Gomendio. Se aprehendi\u00f3 a Luis L\u00f3pez, de 18 a\u00f1os, presunto autor de la herida con arma blanca. En el lugar del hecho hab\u00eda otras personas.<\/p>\n<p>  Carlos Salguero (27 a\u00f1os) es un personaje conocido de Ramallo por sus reiteradas entradas a la Comisar\u00eda. Hace un tiempo fue filmado mientras sustra\u00eda una hidrolavadora de una casa en la calle Guerra al 900 de Villa Ramallo y a las pocas horas fue golpeado por vecinos de Ramallo cuando se dispon\u00eda a cometer otro robo.<\/p>\n<p>Fuente: Meta FM<\/p>\n","protected":false},"excerpt":{"rendered":"<p>El hombre de 27 a\u00f1os hab\u00eda sido herido gravemente este domingo por la tarde en una pelea callejera con un arma blanca en la zona del cuello, fue trasladado al Hospital Gomendio donde muri\u00f3 en horas de la madrugada. Luis L\u00f3pez, de 19 a\u00f1os, est\u00e1 detenido por el hecho. El pasado domingo a la tardecita, [&hellip;]<\/p>\n","protected":false},"author":4,"featured_media":35023,"comment_status":"open","ping_status":"closed","sticky":false,"template":"","format":"standard","meta":{"om_disable_all_campaigns":false,"_jetpack_memberships_contains_paid_content":false,"footnotes":""},"categories":[621],"tags":[],"class_list":["post-35022","post","type-post","status-publish","format-standard","has-post-thumbnail","hentry","category-regionales"],"aioseo_notices":[],"gutentor_comment":0,"jetpack_featured_media_url":"https:\/\/eldiariodesanpedro.com.ar\/sitio\/wp-content\/uploads\/2018\/06\/comisaria-ramallo.jpg","jetpack_shortlink":"https:\/\/wp.me\/p6RhLt-96S","jetpack_sharing_enabled":true,"_links":{"self":[{"href":"https:\/\/eldiariodesanpedro.com.ar\/sitio\/wp-json\/wp\/v2\/posts\/35022","targetHints":{"allow":["GET"]}}],"collection":[{"href":"https:\/\/eldiariodesanpedro.com.ar\/sitio\/wp-json\/wp\/v2\/posts"}],"about":[{"href":"https:\/\/eldiariodesanpedro.com.ar\/sitio\/wp-json\/wp\/v2\/types\/post"}],"author":[{"embeddable":true,"href":"https:\/\/eldiariodesanpedro.com.ar\/sitio\/wp-json\/wp\/v2\/users\/4"}],"replies":[{"embeddable":true,"href":"https:\/\/eldiariodesanpedro.com.ar\/sitio\/wp-json\/wp\/v2\/comments?post=35022"}],"version-history":[{"count":1,"href":"https:\/\/eldiariodesanpedro.com.ar\/sitio\/wp-json\/wp\/v2\/posts\/35022\/revisions"}],"predecessor-version":[{"id":35024,"href":"https:\/\/eldiariodesanpedro.com.ar\/sitio\/wp-json\/wp\/v2\/posts\/35022\/revisions\/35024"}],"wp:featuredmedia":[{"embeddable":true,"href":"https:\/\/eldiariodesanpedro.com.ar\/sitio\/wp-json\/wp\/v2\/media\/35023"}],"wp:attachment":[{"href":"https:\/\/eldiariodesanpedro.com.ar\/sitio\/wp-json\/wp\/v2\/media?parent=35022"}],"wp:term":[{"taxonomy":"category","embeddable":true,"href":"https:\/\/eldiariodesanpedro.com.ar\/sitio\/wp-json\/wp\/v2\/categories?post=35022"},{"taxonomy":"post_tag","embeddable":true,"href":"https:\/\/eldiariodesanpedro.com.ar\/sitio\/wp-json\/wp\/v2\/tags?post=35022"}],"curies":[{"name":"wp","href":"https:\/\/api.w.org\/{rel}","templated":true}]}}