{"id":35019,"date":"2018-06-18T20:28:27","date_gmt":"2018-06-18T23:28:27","guid":{"rendered":"https:\/\/eldiariodesanpedro.com.ar\/sitio\/?p=35019"},"modified":"2018-06-18T20:28:27","modified_gmt":"2018-06-18T23:28:27","slug":"campana-vuelco-en-panamericana","status":"publish","type":"post","link":"https:\/\/eldiariodesanpedro.com.ar\/sitio\/campana-vuelco-en-panamericana\/","title":{"rendered":"CAMPANA: Vuelco en Panamericana"},"content":{"rendered":"<p><!-- VideographyWP Plugin Message: Automatic video embedding prevented by plugin options. --><br \/>\nOcurri\u00f3 cerca de las 8 de la ma\u00f1ana de este domingo, mano a Capital, sobre el km. 74,5 de Panamericana. El conductor qued\u00f3 atrapado adentro del veh\u00edculo y fue rescatado por Bomberos Voluntarios de Campana.<\/p>\n<p>  Un impactante vuelco dej\u00f3 como saldo a un hombre herido y complicaciones en el tr\u00e1nsito. Ocurri\u00f3 en esta ma\u00f1ana de domingo, alrededor de las 8, a la altura del kil\u00f3metro 74.5 de ruta Panamericana, sentido a Capital.<\/p>\n<p>  Seg\u00fan testigos, el conductor del Renault Megane perdi\u00f3 el control del veh\u00edculo saliendo despedido hacia el guardarra\u00edl y tras el impacto, volvi\u00f3 hacia la ruta y volc\u00f3 quedando en el carril del central.<\/p>\n<p>  El conductor, identificado como Jos\u00e9 Ruiz Moreno de 38 a\u00f1os, qued\u00f3 atrapado en el habit\u00e1culo y debi\u00f3 ser rescatado por Bomberos voluntarios que lo traslad\u00f3 con golpes en el m\u00f3vil 43, a cargo del Principal Valdez.<\/p>\n<p>  Colaboraron, Comando de Patrulla zona 7, Cincovial, y Vial Z\u00e1rate se\u00f1alizando la circulaci\u00f3n.<\/p>\n<p>FUENTE: El Campanense Diario <\/p>\n","protected":false},"excerpt":{"rendered":"<p>Ocurri\u00f3 cerca de las 8 de la ma\u00f1ana de este domingo, mano a Capital, sobre el km. 74,5 de Panamericana. El conductor qued\u00f3 atrapado adentro del veh\u00edculo y fue rescatado por Bomberos Voluntarios de Campana. Un impactante vuelco dej\u00f3 como saldo a un hombre herido y complicaciones en el tr\u00e1nsito. Ocurri\u00f3 en esta ma\u00f1ana de [&hellip;]<\/p>\n","protected":false},"author":4,"featured_media":35020,"comment_status":"open","ping_status":"closed","sticky":false,"template":"","format":"standard","meta":{"om_disable_all_campaigns":false,"_jetpack_memberships_contains_paid_content":false,"footnotes":""},"categories":[621],"tags":[],"class_list":["post-35019","post","type-post","status-publish","format-standard","has-post-thumbnail","hentry","category-regionales"],"aioseo_notices":[],"gutentor_comment":0,"jetpack_featured_media_url":"https:\/\/eldiariodesanpedro.com.ar\/sitio\/wp-content\/uploads\/2018\/06\/Vuelco-en-Panamericana.jpg","jetpack_shortlink":"https:\/\/wp.me\/p6RhLt-96P","jetpack_sharing_enabled":true,"_links":{"self":[{"href":"https:\/\/eldiariodesanpedro.com.ar\/sitio\/wp-json\/wp\/v2\/posts\/35019","targetHints":{"allow":["GET"]}}],"collection":[{"href":"https:\/\/eldiariodesanpedro.com.ar\/sitio\/wp-json\/wp\/v2\/posts"}],"about":[{"href":"https:\/\/eldiariodesanpedro.com.ar\/sitio\/wp-json\/wp\/v2\/types\/post"}],"author":[{"embeddable":true,"href":"https:\/\/eldiariodesanpedro.com.ar\/sitio\/wp-json\/wp\/v2\/users\/4"}],"replies":[{"embeddable":true,"href":"https:\/\/eldiariodesanpedro.com.ar\/sitio\/wp-json\/wp\/v2\/comments?post=35019"}],"version-history":[{"count":1,"href":"https:\/\/eldiariodesanpedro.com.ar\/sitio\/wp-json\/wp\/v2\/posts\/35019\/revisions"}],"predecessor-version":[{"id":35021,"href":"https:\/\/eldiariodesanpedro.com.ar\/sitio\/wp-json\/wp\/v2\/posts\/35019\/revisions\/35021"}],"wp:featuredmedia":[{"embeddable":true,"href":"https:\/\/eldiariodesanpedro.com.ar\/sitio\/wp-json\/wp\/v2\/media\/35020"}],"wp:attachment":[{"href":"https:\/\/eldiariodesanpedro.com.ar\/sitio\/wp-json\/wp\/v2\/media?parent=35019"}],"wp:term":[{"taxonomy":"category","embeddable":true,"href":"https:\/\/eldiariodesanpedro.com.ar\/sitio\/wp-json\/wp\/v2\/categories?post=35019"},{"taxonomy":"post_tag","embeddable":true,"href":"https:\/\/eldiariodesanpedro.com.ar\/sitio\/wp-json\/wp\/v2\/tags?post=35019"}],"curies":[{"name":"wp","href":"https:\/\/api.w.org\/{rel}","templated":true}]}}