{"id":35016,"date":"2018-06-18T20:26:45","date_gmt":"2018-06-18T23:26:45","guid":{"rendered":"https:\/\/eldiariodesanpedro.com.ar\/sitio\/?p=35016"},"modified":"2018-06-18T20:26:45","modified_gmt":"2018-06-18T23:26:45","slug":"baradero-robo-en-tu-radio","status":"publish","type":"post","link":"https:\/\/eldiariodesanpedro.com.ar\/sitio\/baradero-robo-en-tu-radio\/","title":{"rendered":"BARADERO: Robo en Tu Radio"},"content":{"rendered":"<p><!-- VideographyWP Plugin Message: Automatic video embedding prevented by plugin options. --><br \/>\nEl malviviente se llev\u00f3 un tel\u00e9fono Samsung Galaxy J2 Prime color negro y una motocicleta Mondial 110cc<\/p>\n<p>  A las 0.45 de este lunes un ladr\u00f3n ingreso a los estudios de Tu Radio, ubicados sobre calle Anchorena 863, por la puerta trasera. Luego de generar da\u00f1os intentando llevarse computadoras, logr\u00f3 huir con un tel\u00e9fono Samsung Galaxy J2 Prime color negro y una motocicleta Mondial 110cc. negra patente A04 4TMG con inscripciones de la radio en verde y naranja.<\/p>\n<p>  El sujeto sali\u00f3 por la puerta principal caminando con la moto hacia calle Bulnes. <\/p>\n<p>Fuente: Tu L\u00ednea Directa<\/p>\n","protected":false},"excerpt":{"rendered":"<p>El malviviente se llev\u00f3 un tel\u00e9fono Samsung Galaxy J2 Prime color negro y una motocicleta Mondial 110cc A las 0.45 de este lunes un ladr\u00f3n ingreso a los estudios de Tu Radio, ubicados sobre calle Anchorena 863, por la puerta trasera. Luego de generar da\u00f1os intentando llevarse computadoras, logr\u00f3 huir con un tel\u00e9fono Samsung Galaxy [&hellip;]<\/p>\n","protected":false},"author":4,"featured_media":35017,"comment_status":"open","ping_status":"closed","sticky":false,"template":"","format":"standard","meta":{"om_disable_all_campaigns":false,"_jetpack_memberships_contains_paid_content":false,"footnotes":""},"categories":[621],"tags":[],"class_list":["post-35016","post","type-post","status-publish","format-standard","has-post-thumbnail","hentry","category-regionales"],"aioseo_notices":[],"gutentor_comment":0,"jetpack_featured_media_url":"https:\/\/eldiariodesanpedro.com.ar\/sitio\/wp-content\/uploads\/2018\/06\/robo-en-tu-radio.jpg","jetpack_shortlink":"https:\/\/wp.me\/p6RhLt-96M","jetpack_sharing_enabled":true,"_links":{"self":[{"href":"https:\/\/eldiariodesanpedro.com.ar\/sitio\/wp-json\/wp\/v2\/posts\/35016","targetHints":{"allow":["GET"]}}],"collection":[{"href":"https:\/\/eldiariodesanpedro.com.ar\/sitio\/wp-json\/wp\/v2\/posts"}],"about":[{"href":"https:\/\/eldiariodesanpedro.com.ar\/sitio\/wp-json\/wp\/v2\/types\/post"}],"author":[{"embeddable":true,"href":"https:\/\/eldiariodesanpedro.com.ar\/sitio\/wp-json\/wp\/v2\/users\/4"}],"replies":[{"embeddable":true,"href":"https:\/\/eldiariodesanpedro.com.ar\/sitio\/wp-json\/wp\/v2\/comments?post=35016"}],"version-history":[{"count":1,"href":"https:\/\/eldiariodesanpedro.com.ar\/sitio\/wp-json\/wp\/v2\/posts\/35016\/revisions"}],"predecessor-version":[{"id":35018,"href":"https:\/\/eldiariodesanpedro.com.ar\/sitio\/wp-json\/wp\/v2\/posts\/35016\/revisions\/35018"}],"wp:featuredmedia":[{"embeddable":true,"href":"https:\/\/eldiariodesanpedro.com.ar\/sitio\/wp-json\/wp\/v2\/media\/35017"}],"wp:attachment":[{"href":"https:\/\/eldiariodesanpedro.com.ar\/sitio\/wp-json\/wp\/v2\/media?parent=35016"}],"wp:term":[{"taxonomy":"category","embeddable":true,"href":"https:\/\/eldiariodesanpedro.com.ar\/sitio\/wp-json\/wp\/v2\/categories?post=35016"},{"taxonomy":"post_tag","embeddable":true,"href":"https:\/\/eldiariodesanpedro.com.ar\/sitio\/wp-json\/wp\/v2\/tags?post=35016"}],"curies":[{"name":"wp","href":"https:\/\/api.w.org\/{rel}","templated":true}]}}