{"id":35007,"date":"2018-06-18T20:24:15","date_gmt":"2018-06-18T23:24:15","guid":{"rendered":"https:\/\/eldiariodesanpedro.com.ar\/sitio\/?p=35007"},"modified":"2018-06-18T20:24:15","modified_gmt":"2018-06-18T23:24:15","slug":"zarate-fallecio-la-mujer-del-choque-entre-moto-y-auto-en-av-antartida-argentina","status":"publish","type":"post","link":"https:\/\/eldiariodesanpedro.com.ar\/sitio\/zarate-fallecio-la-mujer-del-choque-entre-moto-y-auto-en-av-antartida-argentina\/","title":{"rendered":"Z\u00c1RATE: Falleci\u00f3 la mujer del choque entre moto y auto en Av. Ant\u00e1rtida Argentina"},"content":{"rendered":"<p><!-- VideographyWP Plugin Message: Automatic video embedding prevented by plugin options. --><br \/>\n  Valeria Arias, de 36 a\u00f1os, se vio involucrada en un choque en Av. Ant\u00e1rtida Argentina y calle 2 el pasado viernes 8 de este mes. <\/p>\n<p>  En el lugar hab\u00eda quedado su moto tirada y metros m\u00e1s adelante un veh\u00edculo marca Chevrolet.<\/p>\n<p>  La ambulancia 39-11 de Bomberos Voluntarios de Z\u00e1rate la asisti\u00f3 en primera instancia y la traslad\u00f3 al Hospital Virgen del Carmen, pero debido a su delicado estado de salud optaron por derivarla al Hospital Naval.<\/p>\n<p>  Se confirm\u00f3 hace tan solo unas horas que, la mujer falleci\u00f3 producto del fuerte impacto de su cabeza contra el autom\u00f3vil.<\/p>\n<p>Fuente: Enlace Cr\u00edtico<\/p>\n","protected":false},"excerpt":{"rendered":"<p>Valeria Arias, de 36 a\u00f1os, se vio involucrada en un choque en Av. Ant\u00e1rtida Argentina y calle 2 el pasado viernes 8 de este mes. En el lugar hab\u00eda quedado su moto tirada y metros m\u00e1s adelante un veh\u00edculo marca Chevrolet. La ambulancia 39-11 de Bomberos Voluntarios de Z\u00e1rate la asisti\u00f3 en primera instancia y [&hellip;]<\/p>\n","protected":false},"author":4,"featured_media":35011,"comment_status":"open","ping_status":"closed","sticky":false,"template":"","format":"standard","meta":{"om_disable_all_campaigns":false,"_jetpack_memberships_contains_paid_content":false,"footnotes":""},"categories":[621],"tags":[],"class_list":["post-35007","post","type-post","status-publish","format-standard","has-post-thumbnail","hentry","category-regionales"],"aioseo_notices":[],"gutentor_comment":0,"jetpack_featured_media_url":"https:\/\/eldiariodesanpedro.com.ar\/sitio\/wp-content\/uploads\/2018\/06\/Los-allegados-salieron-en-cuadrilla-justiciera-a-buscar-a-los-sospechosos-1-1.jpg","jetpack_shortlink":"https:\/\/wp.me\/p6RhLt-96D","jetpack_sharing_enabled":true,"_links":{"self":[{"href":"https:\/\/eldiariodesanpedro.com.ar\/sitio\/wp-json\/wp\/v2\/posts\/35007","targetHints":{"allow":["GET"]}}],"collection":[{"href":"https:\/\/eldiariodesanpedro.com.ar\/sitio\/wp-json\/wp\/v2\/posts"}],"about":[{"href":"https:\/\/eldiariodesanpedro.com.ar\/sitio\/wp-json\/wp\/v2\/types\/post"}],"author":[{"embeddable":true,"href":"https:\/\/eldiariodesanpedro.com.ar\/sitio\/wp-json\/wp\/v2\/users\/4"}],"replies":[{"embeddable":true,"href":"https:\/\/eldiariodesanpedro.com.ar\/sitio\/wp-json\/wp\/v2\/comments?post=35007"}],"version-history":[{"count":1,"href":"https:\/\/eldiariodesanpedro.com.ar\/sitio\/wp-json\/wp\/v2\/posts\/35007\/revisions"}],"predecessor-version":[{"id":35014,"href":"https:\/\/eldiariodesanpedro.com.ar\/sitio\/wp-json\/wp\/v2\/posts\/35007\/revisions\/35014"}],"wp:featuredmedia":[{"embeddable":true,"href":"https:\/\/eldiariodesanpedro.com.ar\/sitio\/wp-json\/wp\/v2\/media\/35011"}],"wp:attachment":[{"href":"https:\/\/eldiariodesanpedro.com.ar\/sitio\/wp-json\/wp\/v2\/media?parent=35007"}],"wp:term":[{"taxonomy":"category","embeddable":true,"href":"https:\/\/eldiariodesanpedro.com.ar\/sitio\/wp-json\/wp\/v2\/categories?post=35007"},{"taxonomy":"post_tag","embeddable":true,"href":"https:\/\/eldiariodesanpedro.com.ar\/sitio\/wp-json\/wp\/v2\/tags?post=35007"}],"curies":[{"name":"wp","href":"https:\/\/api.w.org\/{rel}","templated":true}]}}