{"id":35001,"date":"2018-06-18T20:05:52","date_gmt":"2018-06-18T23:05:52","guid":{"rendered":"https:\/\/eldiariodesanpedro.com.ar\/sitio\/?p=35001"},"modified":"2018-06-19T10:28:31","modified_gmt":"2018-06-19T13:28:31","slug":"sufrio-hipoxia-durante-el-parto-ayudemos-a-gael-colaboremos-con-este-nino-de-dos-anos","status":"publish","type":"post","link":"https:\/\/eldiariodesanpedro.com.ar\/sitio\/sufrio-hipoxia-durante-el-parto-ayudemos-a-gael-colaboremos-con-este-nino-de-dos-anos\/","title":{"rendered":"SUFRI\u00d3 HIPOXIA DURANTE EL PARTO: Ayudemos a Gael, colaboremos con este ni\u00f1o de dos a\u00f1os"},"content":{"rendered":"<p><!-- VideographyWP Plugin Message: Automatic video embedding prevented by plugin options. --><br \/>\nGael tiene 2 a\u00f1os, sufri\u00f3 de hipoxia durante el parto y hoy, es un ni\u00f1o con capacidades diferentes. Necesita una silla postural pedi\u00e1trica entre otras cosas y, su mam\u00e1 decidi\u00f3 realizar una rifa y promocionarla por Facebook para poder comprarla y darle una mejor calidad de vida a Gael.<\/p>\n<p>  Haci\u00e9ndonos eco de su publicaci\u00f3n de Facebook entrevistamos a Maru, mam\u00e1 de Gael, para multiplicar su pedido de ayuda. Junto a su hermana, decidi\u00f3 realizar una rifa cuyo valor es de $20 (2 n\u00fameros) para poder comprar la silla postural pedi\u00e1trica que su hijo necesita. Adem\u00e1s, en la entrevista conocimos su historia.<\/p>\n<p>  Lejos del resentimiento, Maru nos cont\u00f3 que Gael naci\u00f3 en el Hospital de San Pedro por parto natural, su trabajo de parto, a pesar de comunicar fehacientemente su dolor y su malestar, dur\u00f3 muchas m\u00e1s horas de las que ese sexto sentido de madre le indicaba. Finalmente, Gael naci\u00f3. Ten\u00eda dos vueltas de cord\u00f3n y sufri\u00f3 hipoxia durante el parto. <\/p>\n<p>  Horas m\u00e1s tarde y ante las convulsiones del beb\u00e9, fue derivado al Hospital San Jos\u00e9 de Pergamino, donde estuvo internado una semana. Poco a poco, la joven y primeriza mam\u00e1 fue conociendo a su peque\u00f1o y los pediatras le fueron informando, no tan claramente como ella hubiera necesitado, la situaci\u00f3n de vida de su hijo. Fue hace poco tiempo que recibi\u00f3 un diagn\u00f3stico certero.<\/p>\n<p>  Cuenta que se acerc\u00f3 a la Municipalidad en dos ocasiones para pedir colaboraci\u00f3n para que su peque\u00f1o pueda tener una obra social, pero no recibi\u00f3 respuesta. S\u00f3lo luego de su publicaci\u00f3n de Facebook se comunicaron con ella y se comprometieron a ayudarla. <\/p>\n<p>  El resultado es que hoy, casi en desamparo total del Estado, Gael no tiene obra social y no puede crecer y desarrollarse tanto como pudiera. Su mam\u00e1 s\u00f3lo cobra un salario por \u00e9l. <\/p>\n<p>  \u00bfC\u00f3mo es que un ni\u00f1o con discapacidades diferentes no tiene obra social? \u00bfEl sistema de salud le diagnostica discapacidades a un ni\u00f1o y no informa a Desarrollo Social? \u00bfSu mam\u00e1 tramita un salario universal y en Anses no le informan que le corresponde cobrar una pensi\u00f3n por discapacidad? Como vecinos, familiares de Maru, como sociedad en general, aunque no sea nuestra responsabilidad directa \u00bfNo podr\u00edamos haber acompa\u00f1ado a esta joven mam\u00e1 antes, para guiarla por un camino menos dificultoso y hacer la vida de Gael m\u00e1s digna?.<\/p>\n<p>  Queremos destacar que, adem\u00e1s de necesitar la silla, por la que su mam\u00e1 realiza el sorteo, necesita el acompa\u00f1amiento constante de un equipo interdisciplinario de salud como para empezar y, no olvidemos que obviamente, Gael tiene todas las necesidades b\u00e1sicas de cualquier ni\u00f1o de esa edad.<\/p>\n<p>  Para colaborar el tel\u00e9fono de Maru es (03329) 15 56 09 51 o, en su Facebook Maru Vallejos.<\/p>\n<p>  Luego de hecha p\u00fablica su necesidad, las autoridades municipales, en especial el Intendente Cecilio Salazar, se comprometieron a ayudar a Gael para conseguir la silla que necesita, se iniciaron los tr\u00e1mites a trav\u00e9s del Centro de Referencia del Ministerio de Desarrollo Social de la Naci\u00f3n (CDR) a cargo de Jos\u00e9 Franchini para que en un plazo de aproximadamente 3 meses se la puedan entregar. <\/p>\n<p>  La silla vale m\u00e1s de 100 mil pesos; mientras tanto, lo mejor ser\u00eda comprarle otra de menor valor, similar a la que \u00e9l necesita, juntando la plata de una manera solidaria. Varios comerciantes ya se ofrecieron, adem\u00e1s del mismo Intendente; aportar\u00edan para poder llegar a alrededor de 30 mil pesos que, ser\u00eda lo que cuesta.<\/p>\n<p>  Tambi\u00e9n el Intendente se comprometi\u00f3 a colaborar con materiales para la construcci\u00f3n de una rampa para poder subirlo a su domicilio, ubicado en un primer piso del barrio Fonavi, lo que solicita es la ayuda de alg\u00fan alba\u00f1il y herrero para colaborar con la construcci\u00f3n de la misma. <\/p>\n<p>  De todas maneras, se reciben y agradecen otras colaboraciones econ\u00f3micas o, la compra de la rifa.<\/p>\n<p><iframe data-src=\"https:\/\/www.facebook.com\/plugins\/video.php?href=https%3A%2F%2Fwww.facebook.com%2Feldiario.desanpedro%2Fvideos%2F785728038303004%2F&#038;show_text=0&#038;width=560\" width=\"560\" height=\"315\" style=\"border:none;overflow:hidden\" scrolling=\"no\" frameborder=\"0\" allowTransparency=\"true\" allowFullScreen=\"true\" src=\"data:image\/svg+xml;base64,PHN2ZyB3aWR0aD0iMSIgaGVpZ2h0PSIxIiB4bWxucz0iaHR0cDovL3d3dy53My5vcmcvMjAwMC9zdmciPjwvc3ZnPg==\" class=\"lazyload\" data-load-mode=\"1\"><\/iframe><\/p>\n","protected":false},"excerpt":{"rendered":"<p>Gael tiene 2 a\u00f1os, sufri\u00f3 de hipoxia durante el parto y hoy, es un ni\u00f1o con capacidades diferentes. Necesita una silla postural pedi\u00e1trica entre otras cosas y, su mam\u00e1 decidi\u00f3 realizar una rifa y promocionarla por Facebook para poder comprarla y darle una mejor calidad de vida a Gael. Haci\u00e9ndonos eco de su publicaci\u00f3n de [&hellip;]<\/p>\n","protected":false},"author":4,"featured_media":35003,"comment_status":"open","ping_status":"closed","sticky":false,"template":"","format":"standard","meta":{"om_disable_all_campaigns":false,"_jetpack_memberships_contains_paid_content":false,"footnotes":""},"categories":[50,101,2],"tags":[],"class_list":["post-35001","post","type-post","status-publish","format-standard","has-post-thumbnail","hentry","category-destacadas","category-interes-general-locales","category-locales"],"aioseo_notices":[],"gutentor_comment":1,"jetpack_featured_media_url":"https:\/\/eldiariodesanpedro.com.ar\/sitio\/wp-content\/uploads\/2018\/06\/Maru-y-Gael.jpg","jetpack_shortlink":"https:\/\/wp.me\/p6RhLt-96x","jetpack_sharing_enabled":true,"_links":{"self":[{"href":"https:\/\/eldiariodesanpedro.com.ar\/sitio\/wp-json\/wp\/v2\/posts\/35001","targetHints":{"allow":["GET"]}}],"collection":[{"href":"https:\/\/eldiariodesanpedro.com.ar\/sitio\/wp-json\/wp\/v2\/posts"}],"about":[{"href":"https:\/\/eldiariodesanpedro.com.ar\/sitio\/wp-json\/wp\/v2\/types\/post"}],"author":[{"embeddable":true,"href":"https:\/\/eldiariodesanpedro.com.ar\/sitio\/wp-json\/wp\/v2\/users\/4"}],"replies":[{"embeddable":true,"href":"https:\/\/eldiariodesanpedro.com.ar\/sitio\/wp-json\/wp\/v2\/comments?post=35001"}],"version-history":[{"count":2,"href":"https:\/\/eldiariodesanpedro.com.ar\/sitio\/wp-json\/wp\/v2\/posts\/35001\/revisions"}],"predecessor-version":[{"id":35025,"href":"https:\/\/eldiariodesanpedro.com.ar\/sitio\/wp-json\/wp\/v2\/posts\/35001\/revisions\/35025"}],"wp:featuredmedia":[{"embeddable":true,"href":"https:\/\/eldiariodesanpedro.com.ar\/sitio\/wp-json\/wp\/v2\/media\/35003"}],"wp:attachment":[{"href":"https:\/\/eldiariodesanpedro.com.ar\/sitio\/wp-json\/wp\/v2\/media?parent=35001"}],"wp:term":[{"taxonomy":"category","embeddable":true,"href":"https:\/\/eldiariodesanpedro.com.ar\/sitio\/wp-json\/wp\/v2\/categories?post=35001"},{"taxonomy":"post_tag","embeddable":true,"href":"https:\/\/eldiariodesanpedro.com.ar\/sitio\/wp-json\/wp\/v2\/tags?post=35001"}],"curies":[{"name":"wp","href":"https:\/\/api.w.org\/{rel}","templated":true}]}}