{"id":34992,"date":"2018-06-18T19:50:31","date_gmt":"2018-06-18T22:50:31","guid":{"rendered":"https:\/\/eldiariodesanpedro.com.ar\/sitio\/?p=34992"},"modified":"2026-01-24T00:13:28","modified_gmt":"2026-01-24T03:13:28","slug":"futbol-local-se-juega-o-no-se-juega","status":"publish","type":"post","link":"https:\/\/eldiariodesanpedro.com.ar\/sitio\/futbol-local-se-juega-o-no-se-juega\/","title":{"rendered":"F\u00daTBOL LOCAL: Se juega o no se juega.."},"content":{"rendered":"<p><!-- VideographyWP Plugin Message: Automatic video embedding prevented by plugin options. --><br \/>\nEste mi\u00e9rcoles se jugar\u00eda la fecha final de la ronda clasificatoria, as\u00ed quedaron la semana anterior en la sesi\u00f3n de la liga, pero entre medio hay una protesta de Atl\u00e9tico a Def. Unidos, y como de esa protesta depende un tercero (Alsina), habr\u00e1 que esperar hasta el martes para saber si se juega o no, d\u00eda en que el tribunal de disciplina pueda emitir un fallo, lo que parece lejano teniendo en cuenta que el mismo martes hay varios citados a declarar. Pero en principio, el mi\u00e9rcoles hay f\u00fatbol con estos partidos:<\/p>\n<p><strong>9\u00b0 fecha, \u00faltima de la rueda de clasificaci\u00f3n<\/strong><\/p>\n<p><em> Zona A<\/em><br \/>\nLa Esperanza vs. Ireneo Portela<br \/>\nParan\u00e1 FC vs. Fundici\u00f3n FC<br \/>\nCentral C\u00f3rdoba vs. Sp. Am\u00e9rica<br \/>\nAgricultores vs. Banfield<\/p>\n<p><em> Zona B<\/em><br \/>\nDefensores Unidos vs. Dep. Alsina<br \/>\nMitre vs. Rivadavia<br \/>\nSan Mart\u00edn vs. Independencia FC<br \/>\nLas Palmeras vs. San Roque FC<\/p>\n","protected":false},"excerpt":{"rendered":"<p>Este mi\u00e9rcoles se jugar\u00eda la fecha final de la ronda clasificatoria, as\u00ed quedaron la semana anterior en la sesi\u00f3n de la liga, pero entre medio hay una protesta de Atl\u00e9tico a Def. Unidos, y como de esa protesta depende un tercero (Alsina), habr\u00e1 que esperar hasta el martes para saber si se juega o no, [&hellip;]<\/p>\n","protected":false},"author":4,"featured_media":17907,"comment_status":"open","ping_status":"closed","sticky":false,"template":"","format":"standard","meta":{"om_disable_all_campaigns":false,"_jetpack_memberships_contains_paid_content":false,"footnotes":""},"categories":[5],"tags":[],"class_list":["post-34992","post","type-post","status-publish","format-standard","has-post-thumbnail","hentry","category-deportes"],"aioseo_notices":[],"gutentor_comment":0,"jetpack_featured_media_url":"https:\/\/eldiariodesanpedro.com.ar\/sitio\/wp-content\/uploads\/2017\/04\/futbol-balon.jpg","jetpack_shortlink":"https:\/\/wp.me\/p6RhLt-96o","jetpack_sharing_enabled":true,"_links":{"self":[{"href":"https:\/\/eldiariodesanpedro.com.ar\/sitio\/wp-json\/wp\/v2\/posts\/34992","targetHints":{"allow":["GET"]}}],"collection":[{"href":"https:\/\/eldiariodesanpedro.com.ar\/sitio\/wp-json\/wp\/v2\/posts"}],"about":[{"href":"https:\/\/eldiariodesanpedro.com.ar\/sitio\/wp-json\/wp\/v2\/types\/post"}],"author":[{"embeddable":true,"href":"https:\/\/eldiariodesanpedro.com.ar\/sitio\/wp-json\/wp\/v2\/users\/4"}],"replies":[{"embeddable":true,"href":"https:\/\/eldiariodesanpedro.com.ar\/sitio\/wp-json\/wp\/v2\/comments?post=34992"}],"version-history":[{"count":2,"href":"https:\/\/eldiariodesanpedro.com.ar\/sitio\/wp-json\/wp\/v2\/posts\/34992\/revisions"}],"predecessor-version":[{"id":34997,"href":"https:\/\/eldiariodesanpedro.com.ar\/sitio\/wp-json\/wp\/v2\/posts\/34992\/revisions\/34997"}],"wp:featuredmedia":[{"embeddable":true,"href":"https:\/\/eldiariodesanpedro.com.ar\/sitio\/wp-json\/wp\/v2\/media\/17907"}],"wp:attachment":[{"href":"https:\/\/eldiariodesanpedro.com.ar\/sitio\/wp-json\/wp\/v2\/media?parent=34992"}],"wp:term":[{"taxonomy":"category","embeddable":true,"href":"https:\/\/eldiariodesanpedro.com.ar\/sitio\/wp-json\/wp\/v2\/categories?post=34992"},{"taxonomy":"post_tag","embeddable":true,"href":"https:\/\/eldiariodesanpedro.com.ar\/sitio\/wp-json\/wp\/v2\/tags?post=34992"}],"curies":[{"name":"wp","href":"https:\/\/api.w.org\/{rel}","templated":true}]}}