{"id":34976,"date":"2018-06-18T20:20:37","date_gmt":"2018-06-18T23:20:37","guid":{"rendered":"https:\/\/eldiariodesanpedro.com.ar\/sitio\/?p=34976"},"modified":"2018-06-18T20:20:37","modified_gmt":"2018-06-18T23:20:37","slug":"el-acto-del-dia-de-la-bandera-sera-en-el-paseo-de-las-banderas","status":"publish","type":"post","link":"https:\/\/eldiariodesanpedro.com.ar\/sitio\/el-acto-del-dia-de-la-bandera-sera-en-el-paseo-de-las-banderas\/","title":{"rendered":"El acto del dia de la bandera ser\u00e1 en El Paseo de las Banderas"},"content":{"rendered":"<p><!-- VideographyWP Plugin Message: Automatic video embedding prevented by plugin options. --><br \/>\nLa Municipalidad de San Pedro tiene el agrado de invitarlo a participar el pr\u00f3ximo mi\u00e9rcoles 20 de Junio del Acto de Celebraci\u00f3n del D\u00eda de la Bandera y homenaje a su creador Manuel Belgrano.<\/p>\n<p>La cita es al pie del m\u00e1stil sobre las barrancas en el Paseo de la Bandera a las 10:30 hs.<\/p>\n<p>En esta oportunidad los alumnos del cuarto grado de las escuelas del Partido formular\u00e1n la tradicional Jura de la Bandera.<\/p>\n","protected":false},"excerpt":{"rendered":"<p>La Municipalidad de San Pedro tiene el agrado de invitarlo a participar el pr\u00f3ximo mi\u00e9rcoles 20 de Junio del Acto de Celebraci\u00f3n del D\u00eda de la Bandera y homenaje a su creador Manuel Belgrano. La cita es al pie del m\u00e1stil sobre las barrancas en el Paseo de la Bandera a las 10:30 hs. En [&hellip;]<\/p>\n","protected":false},"author":4,"featured_media":35009,"comment_status":"open","ping_status":"closed","sticky":false,"template":"","format":"standard","meta":{"om_disable_all_campaigns":false,"_jetpack_memberships_contains_paid_content":false,"footnotes":""},"categories":[101,2],"tags":[],"class_list":["post-34976","post","type-post","status-publish","format-standard","has-post-thumbnail","hentry","category-interes-general-locales","category-locales"],"aioseo_notices":[],"gutentor_comment":0,"jetpack_featured_media_url":"https:\/\/eldiariodesanpedro.com.ar\/sitio\/wp-content\/uploads\/2018\/06\/unnamed-4.jpg","jetpack_shortlink":"https:\/\/wp.me\/p6RhLt-968","jetpack_sharing_enabled":true,"_links":{"self":[{"href":"https:\/\/eldiariodesanpedro.com.ar\/sitio\/wp-json\/wp\/v2\/posts\/34976","targetHints":{"allow":["GET"]}}],"collection":[{"href":"https:\/\/eldiariodesanpedro.com.ar\/sitio\/wp-json\/wp\/v2\/posts"}],"about":[{"href":"https:\/\/eldiariodesanpedro.com.ar\/sitio\/wp-json\/wp\/v2\/types\/post"}],"author":[{"embeddable":true,"href":"https:\/\/eldiariodesanpedro.com.ar\/sitio\/wp-json\/wp\/v2\/users\/4"}],"replies":[{"embeddable":true,"href":"https:\/\/eldiariodesanpedro.com.ar\/sitio\/wp-json\/wp\/v2\/comments?post=34976"}],"version-history":[{"count":1,"href":"https:\/\/eldiariodesanpedro.com.ar\/sitio\/wp-json\/wp\/v2\/posts\/34976\/revisions"}],"predecessor-version":[{"id":35010,"href":"https:\/\/eldiariodesanpedro.com.ar\/sitio\/wp-json\/wp\/v2\/posts\/34976\/revisions\/35010"}],"wp:featuredmedia":[{"embeddable":true,"href":"https:\/\/eldiariodesanpedro.com.ar\/sitio\/wp-json\/wp\/v2\/media\/35009"}],"wp:attachment":[{"href":"https:\/\/eldiariodesanpedro.com.ar\/sitio\/wp-json\/wp\/v2\/media?parent=34976"}],"wp:term":[{"taxonomy":"category","embeddable":true,"href":"https:\/\/eldiariodesanpedro.com.ar\/sitio\/wp-json\/wp\/v2\/categories?post=34976"},{"taxonomy":"post_tag","embeddable":true,"href":"https:\/\/eldiariodesanpedro.com.ar\/sitio\/wp-json\/wp\/v2\/tags?post=34976"}],"curies":[{"name":"wp","href":"https:\/\/api.w.org\/{rel}","templated":true}]}}