{"id":34974,"date":"2018-06-18T13:07:48","date_gmt":"2018-06-18T16:07:48","guid":{"rendered":"https:\/\/eldiariodesanpedro.com.ar\/sitio\/?p=34974"},"modified":"2018-06-18T13:07:48","modified_gmt":"2018-06-18T16:07:48","slug":"se-produjeron-tres-accidentes-de-transito-este-domingo","status":"publish","type":"post","link":"https:\/\/eldiariodesanpedro.com.ar\/sitio\/se-produjeron-tres-accidentes-de-transito-este-domingo\/","title":{"rendered":"Se produjeron tres accidentes de tr\u00e1nsito este domingo"},"content":{"rendered":"<p><!-- VideographyWP Plugin Message: Automatic video embedding prevented by plugin options. --><br \/>\nEste domingo se tom\u00f3 conocimiento de tres accidentes vehiculares entre autom\u00f3vil y motocicleta que por suerte no tuvieron consecuencias graves.<\/p>\n<p>Sobre Ruta Provincial 191 y Ruta Nacional 9 a ra\u00edz de un llamado al 911 personal policial procede  a un accidente de tr\u00e1nsito cerca de las 12.00hs del mediod\u00eda donde Fiat Palio conducido por un ciudadano de 32 a\u00f1os de edad colisiona con motocicleta marca Brava 150 guiada por joven de 29  donde es trasladado a la Guardia del Hospital por ambulancia del SAME con heridas leves.<\/p>\n<p>Tambi\u00e9n a las 13.20hs en Manuel Iglesias y D\u00e1vila por razones que se tratan de establecer se produce un accidente de tr\u00e1nsito donde una se\u00f1ora mayor de 67 a\u00f1os que circulaba en una motocicleta marca Corven impacta contra un veh\u00edculo marca Fiat Siena conducido por ciudadano de 63 que circulaba por D\u00e1vila; como consecuencia la se\u00f1ora conductora de la moto fue derivada al Hospital por ambulancia del SAME con lesiones de car\u00e1cter leves.<\/p>\n<p>Por \u00faltimo, se tom\u00f3 conocimiento de otro accidente de tr\u00e1nsito donde una adolecente de 17 a\u00f1os guiando motocicleta marca Corven Energy colisiona con un autom\u00f3vil Volkswagen Gol conducido por un joven de 33 en intersecci\u00f3n de calle G\u00fcemes y B. Sampedrina.<\/p>\n<p>Como consecuencia la joven fue derivada a la guardia del Hospital por el SAME donde es asistida y le dictaminan lesiones en sus rodillas quedando internada en observaci\u00f3n.<\/p>\n","protected":false},"excerpt":{"rendered":"<p>Este domingo se tom\u00f3 conocimiento de tres accidentes vehiculares entre autom\u00f3vil y motocicleta que por suerte no tuvieron consecuencias graves. Sobre Ruta Provincial 191 y Ruta Nacional 9 a ra\u00edz de un llamado al 911 personal policial procede a un accidente de tr\u00e1nsito cerca de las 12.00hs del mediod\u00eda donde Fiat Palio conducido por un [&hellip;]<\/p>\n","protected":false},"author":4,"featured_media":25808,"comment_status":"open","ping_status":"closed","sticky":false,"template":"","format":"standard","meta":{"om_disable_all_campaigns":false,"_jetpack_memberships_contains_paid_content":false,"footnotes":""},"categories":[2,103],"tags":[],"class_list":["post-34974","post","type-post","status-publish","format-standard","has-post-thumbnail","hentry","category-locales","category-policiales-locales"],"aioseo_notices":[],"gutentor_comment":0,"jetpack_featured_media_url":"https:\/\/eldiariodesanpedro.com.ar\/sitio\/wp-content\/uploads\/2017\/11\/Los-accidentados-fueron-derivados-a-la-Guardia.jpg","jetpack_shortlink":"https:\/\/wp.me\/p6RhLt-966","jetpack_sharing_enabled":true,"_links":{"self":[{"href":"https:\/\/eldiariodesanpedro.com.ar\/sitio\/wp-json\/wp\/v2\/posts\/34974","targetHints":{"allow":["GET"]}}],"collection":[{"href":"https:\/\/eldiariodesanpedro.com.ar\/sitio\/wp-json\/wp\/v2\/posts"}],"about":[{"href":"https:\/\/eldiariodesanpedro.com.ar\/sitio\/wp-json\/wp\/v2\/types\/post"}],"author":[{"embeddable":true,"href":"https:\/\/eldiariodesanpedro.com.ar\/sitio\/wp-json\/wp\/v2\/users\/4"}],"replies":[{"embeddable":true,"href":"https:\/\/eldiariodesanpedro.com.ar\/sitio\/wp-json\/wp\/v2\/comments?post=34974"}],"version-history":[{"count":1,"href":"https:\/\/eldiariodesanpedro.com.ar\/sitio\/wp-json\/wp\/v2\/posts\/34974\/revisions"}],"predecessor-version":[{"id":34975,"href":"https:\/\/eldiariodesanpedro.com.ar\/sitio\/wp-json\/wp\/v2\/posts\/34974\/revisions\/34975"}],"wp:featuredmedia":[{"embeddable":true,"href":"https:\/\/eldiariodesanpedro.com.ar\/sitio\/wp-json\/wp\/v2\/media\/25808"}],"wp:attachment":[{"href":"https:\/\/eldiariodesanpedro.com.ar\/sitio\/wp-json\/wp\/v2\/media?parent=34974"}],"wp:term":[{"taxonomy":"category","embeddable":true,"href":"https:\/\/eldiariodesanpedro.com.ar\/sitio\/wp-json\/wp\/v2\/categories?post=34974"},{"taxonomy":"post_tag","embeddable":true,"href":"https:\/\/eldiariodesanpedro.com.ar\/sitio\/wp-json\/wp\/v2\/tags?post=34974"}],"curies":[{"name":"wp","href":"https:\/\/api.w.org\/{rel}","templated":true}]}}