{"id":34969,"date":"2018-06-18T13:01:41","date_gmt":"2018-06-18T16:01:41","guid":{"rendered":"https:\/\/eldiariodesanpedro.com.ar\/sitio\/?p=34969"},"modified":"2018-06-18T13:04:26","modified_gmt":"2018-06-18T16:04:26","slug":"adolescente-de-15-anos-aprehendida-por-intento-de-robo","status":"publish","type":"post","link":"https:\/\/eldiariodesanpedro.com.ar\/sitio\/adolescente-de-15-anos-aprehendida-por-intento-de-robo\/","title":{"rendered":"Adolescente de 15 a\u00f1os aprehendida por intento de robo"},"content":{"rendered":"<p><!-- VideographyWP Plugin Message: Automatic video embedding prevented by plugin options. --><br \/>\nEsta madrugada una adolecente de 15 a\u00f1os fue aprehendida por intentar ingresar a una casa tras violentar la puerta de entrada con fines de robo.<\/p>\n<p>El hecho se produjo esta madrugada alrededor de las 5 hs cuando la polic\u00eda es alertada por vecinos a ra\u00edz de un llamado al 911 que advert\u00eda que una malviviente intentaba ingresar a una casa.<\/p>\n<p>Se trataba de una menor de 15 a\u00f1os que tras violentar la puerta de una vivienda ubicada en calle Novillo al 200 fue aprehendida por personal policial y trasladada a la dependencia local. Tomo intervenci\u00f3n la UFi del Joven  donde se dispuso notificaci\u00f3n de actuaciones y entrega a progenitores<\/p>\n","protected":false},"excerpt":{"rendered":"<p>Esta madrugada una adolecente de 15 a\u00f1os fue aprehendida por intentar ingresar a una casa tras violentar la puerta de entrada con fines de robo. El hecho se produjo esta madrugada alrededor de las 5 hs cuando la polic\u00eda es alertada por vecinos a ra\u00edz de un llamado al 911 que advert\u00eda que una malviviente [&hellip;]<\/p>\n","protected":false},"author":4,"featured_media":20413,"comment_status":"open","ping_status":"closed","sticky":false,"template":"","format":"standard","meta":{"om_disable_all_campaigns":false,"_jetpack_memberships_contains_paid_content":false,"footnotes":""},"categories":[2,103],"tags":[],"class_list":["post-34969","post","type-post","status-publish","format-standard","has-post-thumbnail","hentry","category-locales","category-policiales-locales"],"aioseo_notices":[],"gutentor_comment":0,"jetpack_featured_media_url":"https:\/\/eldiariodesanpedro.com.ar\/sitio\/wp-content\/uploads\/2017\/07\/Mujer-detenida-ilustrativa.jpg","jetpack_shortlink":"https:\/\/wp.me\/p6RhLt-961","jetpack_sharing_enabled":true,"_links":{"self":[{"href":"https:\/\/eldiariodesanpedro.com.ar\/sitio\/wp-json\/wp\/v2\/posts\/34969","targetHints":{"allow":["GET"]}}],"collection":[{"href":"https:\/\/eldiariodesanpedro.com.ar\/sitio\/wp-json\/wp\/v2\/posts"}],"about":[{"href":"https:\/\/eldiariodesanpedro.com.ar\/sitio\/wp-json\/wp\/v2\/types\/post"}],"author":[{"embeddable":true,"href":"https:\/\/eldiariodesanpedro.com.ar\/sitio\/wp-json\/wp\/v2\/users\/4"}],"replies":[{"embeddable":true,"href":"https:\/\/eldiariodesanpedro.com.ar\/sitio\/wp-json\/wp\/v2\/comments?post=34969"}],"version-history":[{"count":4,"href":"https:\/\/eldiariodesanpedro.com.ar\/sitio\/wp-json\/wp\/v2\/posts\/34969\/revisions"}],"predecessor-version":[{"id":34973,"href":"https:\/\/eldiariodesanpedro.com.ar\/sitio\/wp-json\/wp\/v2\/posts\/34969\/revisions\/34973"}],"wp:featuredmedia":[{"embeddable":true,"href":"https:\/\/eldiariodesanpedro.com.ar\/sitio\/wp-json\/wp\/v2\/media\/20413"}],"wp:attachment":[{"href":"https:\/\/eldiariodesanpedro.com.ar\/sitio\/wp-json\/wp\/v2\/media?parent=34969"}],"wp:term":[{"taxonomy":"category","embeddable":true,"href":"https:\/\/eldiariodesanpedro.com.ar\/sitio\/wp-json\/wp\/v2\/categories?post=34969"},{"taxonomy":"post_tag","embeddable":true,"href":"https:\/\/eldiariodesanpedro.com.ar\/sitio\/wp-json\/wp\/v2\/tags?post=34969"}],"curies":[{"name":"wp","href":"https:\/\/api.w.org\/{rel}","templated":true}]}}