{"id":34951,"date":"2018-06-17T20:31:22","date_gmt":"2018-06-17T23:31:22","guid":{"rendered":"https:\/\/eldiariodesanpedro.com.ar\/sitio\/?p=34951"},"modified":"2026-01-24T00:13:28","modified_gmt":"2026-01-24T03:13:28","slug":"ciclismo-dos-sampedrinos-marcaron-el-rumbo-en-la-prueba-central","status":"publish","type":"post","link":"https:\/\/eldiariodesanpedro.com.ar\/sitio\/ciclismo-dos-sampedrinos-marcaron-el-rumbo-en-la-prueba-central\/","title":{"rendered":"CICLISMO: Dos sampedrinos marcaron el rumbo en la prueba central"},"content":{"rendered":"<p><!-- VideographyWP Plugin Message: Automatic video embedding prevented by plugin options. --><br \/>\n  S\u00e1bado de ciclismo en el Circuito Panor\u00e1mico del Oeste, siempre bajo la organizaci\u00f3n de Pro Ciclismo San Pedro y la fiscalizaci\u00f3n de ACINOBA, (Asociaci\u00f3n Ciclista Norte Buenos Aires).<br \/>\n  Interesante espect\u00e1culo deportivo; en las primeras vueltas de la competencia principal lograron hacer diferencia el local Agust\u00edn Basualdo, Lukas Dundic y Jerem\u00edas Mu\u00f1oz (San Andr\u00e9s de Giles) y, ampliar por momentos hasta m\u00e1s de una recta de ventaja. Pero cuando promediaba la hora de carrera, el pelot\u00f3n sali\u00f3 en su b\u00fasqueda decididamente y faltando muy poco para el final, qued\u00f3 todo como cuando comenzaron y, dispuestos a definir en pelot\u00f3n. As\u00ed, en los \u00faltimos metros fue donde prevaleci\u00f3 la fortaleza de Agust\u00edn Basualdo y cruz\u00f3 con los brazos en alto la l\u00ednea de sentencia de las Categor\u00edas: Promocional, M\u00e1ster \u201cA\u201d y Ma\u00e1ter \u201cB\u201d.<\/p>\n<p>  Las clasificaciones registradas fueron las que detallamos a continuaci\u00f3n:<\/p>\n<p><em>INFANTILES<\/em><br \/>\nParticiparon: Gonzalo Paz \u2013 Just\u00edn Giuliani \u2013 \u00c1ngel Quintana \u2013 Laureano Cardoso \u2013 Fantino Giuliani \u2013 Pedro Olico.<\/p>\n<p><em>MENORES<\/em><br \/>\n1\u00ba Juan Sinforoso (Col\u00f3n)<br \/>\n2\u00ba Daniel Boaglio (Jr) (San Pedro)<br \/>\n3\u00ba Lautaro Chipolini (San Pedro)<br \/>\n4\u00ba Valent\u00edn Manzo (San Pedro)<br \/>\n5\u00ba Edgardo Marcelini (Col\u00f3n)<\/p>\n<p><em>M\u00c1STER \u201cC\u201d<\/em><br \/>\n1\u00ba Rub\u00e9n Mallada (Z\u00e1rate)<br \/>\n2\u00ba Pedro Marcelini (Colon)<br \/>\n3\u00ba Daniel Boaglio (San Pedro)<br \/>\n4\u00ba Leonardo Chiarella (San Pedro)<br \/>\n5\u00ba N\u00e9stor \u201cChicho\u201d Varela (Arrecifes)<\/p>\n<p><em>M\u00c1STER \u201cB\u201d   <\/em><br \/>\n1\u00ba Carlos Paredes (Merlo)<br \/>\n2\u00ba Juan Pablo Villarruel (San Pedro)<br \/>\n3\u00ba Luis Alegre (Capit\u00e1n Sarmiento)<\/p>\n<p><em>PROMOCIONAL &#8211; M\u00c1STER \u201cA\u201d<\/em><br \/>\n1\u00ba Agust\u00edn Basualdo (San Pedro)<br \/>\n2\u00ba Mariano Manzo (San Pedro)<br \/>\n3\u00ba Pablo Gonz\u00e1lez (San Andr\u00e9s de Giles)<br \/>\n4\u00ba Francisco Chipolini (San Pedro)<br \/>\n5\u00ba Lukas Dundic (Salto)  <\/p>\n<p><em>SPRINT ESPECIALES<\/em><br \/>\nMariano Manzo \u2013 Cristi\u00e1n Monz\u00f3n \u2013 Francisco Chipolini \u2013 Emanuel Grosso.<\/p>\n<p>Pr\u00f3ximo Programa: Mi\u00e9rcoles 20 de junio (D\u00eda de la Bandera) desde las 12 hs.<\/p>\n<p><img decoding=\"async\" data-attachment-id=\"34956\" data-permalink=\"https:\/\/eldiariodesanpedro.com.ar\/sitio\/ciclismo-dos-sampedrinos-marcaron-el-rumbo-en-la-prueba-central\/a-pesar-del-futbol-del-mundial-buena-cantidad-en-general-participo-de-las-pruebas\/\" data-orig-file=\"https:\/\/eldiariodesanpedro.com.ar\/sitio\/wp-content\/uploads\/2018\/06\/A-pesar-del-f\u00fatbol-del-mundial-buena-cantidad-en-general-particip\u00f3-de-las-pruebas.jpg\" data-orig-size=\"800,600\" data-comments-opened=\"1\" data-image-meta=\"{&quot;aperture&quot;:&quot;8&quot;,&quot;credit&quot;:&quot;&quot;,&quot;camera&quot;:&quot;FinePix S4000&quot;,&quot;caption&quot;:&quot;&quot;,&quot;created_timestamp&quot;:&quot;955667969&quot;,&quot;copyright&quot;:&quot;&quot;,&quot;focal_length&quot;:&quot;4.3&quot;,&quot;iso&quot;:&quot;64&quot;,&quot;shutter_speed&quot;:&quot;0.017241379310345&quot;,&quot;title&quot;:&quot;&quot;,&quot;orientation&quot;:&quot;0&quot;}\" data-image-title=\"A pesar del f\u00fatbol del mundial, buena cantidad en general particip\u00f3 de las pruebas\" data-image-description=\"\" data-image-caption=\"\" data-large-file=\"https:\/\/eldiariodesanpedro.com.ar\/sitio\/wp-content\/uploads\/2018\/06\/A-pesar-del-f\u00fatbol-del-mundial-buena-cantidad-en-general-particip\u00f3-de-las-pruebas.jpg\" data-src=\"https:\/\/eldiariodesanpedro.com.ar\/sitio\/wp-content\/uploads\/2018\/06\/A-pesar-del-f\u00fatbol-del-mundial-buena-cantidad-en-general-particip\u00f3-de-las-pruebas.jpg\" alt=\"\" width=\"800\" height=\"600\" class=\"alignnone size-full wp-image-34956 lazyload\" data-srcset=\"https:\/\/eldiariodesanpedro.com.ar\/sitio\/wp-content\/uploads\/2018\/06\/A-pesar-del-f\u00fatbol-del-mundial-buena-cantidad-en-general-particip\u00f3-de-las-pruebas.jpg 800w, https:\/\/eldiariodesanpedro.com.ar\/sitio\/wp-content\/uploads\/2018\/06\/A-pesar-del-f\u00fatbol-del-mundial-buena-cantidad-en-general-particip\u00f3-de-las-pruebas-300x225.jpg 300w, https:\/\/eldiariodesanpedro.com.ar\/sitio\/wp-content\/uploads\/2018\/06\/A-pesar-del-f\u00fatbol-del-mundial-buena-cantidad-en-general-particip\u00f3-de-las-pruebas-768x576.jpg 768w\" data-sizes=\"(max-width: 800px) 100vw, 800px\" src=\"data:image\/svg+xml;base64,PHN2ZyB3aWR0aD0iMSIgaGVpZ2h0PSIxIiB4bWxucz0iaHR0cDovL3d3dy53My5vcmcvMjAwMC9zdmciPjwvc3ZnPg==\" style=\"--smush-placeholder-width: 800px; --smush-placeholder-aspect-ratio: 800\/600;\" \/><\/p>\n","protected":false},"excerpt":{"rendered":"<p>S\u00e1bado de ciclismo en el Circuito Panor\u00e1mico del Oeste, siempre bajo la organizaci\u00f3n de Pro Ciclismo San Pedro y la fiscalizaci\u00f3n de ACINOBA, (Asociaci\u00f3n Ciclista Norte Buenos Aires). Interesante espect\u00e1culo deportivo; en las primeras vueltas de la competencia principal lograron hacer diferencia el local Agust\u00edn Basualdo, Lukas Dundic y Jerem\u00edas Mu\u00f1oz (San Andr\u00e9s de Giles) [&hellip;]<\/p>\n","protected":false},"author":4,"featured_media":34954,"comment_status":"open","ping_status":"closed","sticky":false,"template":"","format":"standard","meta":{"om_disable_all_campaigns":false,"_jetpack_memberships_contains_paid_content":false,"footnotes":""},"categories":[5],"tags":[],"class_list":["post-34951","post","type-post","status-publish","format-standard","has-post-thumbnail","hentry","category-deportes"],"aioseo_notices":[],"gutentor_comment":0,"jetpack_featured_media_url":"https:\/\/eldiariodesanpedro.com.ar\/sitio\/wp-content\/uploads\/2018\/06\/Nutrido-grupo-de-ciclistas-acompa\u00f1\u00f3-el-cierre-del-festival-en-el-Panor\u00e1mico.jpg","jetpack_shortlink":"https:\/\/wp.me\/p6RhLt-95J","jetpack_sharing_enabled":true,"_links":{"self":[{"href":"https:\/\/eldiariodesanpedro.com.ar\/sitio\/wp-json\/wp\/v2\/posts\/34951","targetHints":{"allow":["GET"]}}],"collection":[{"href":"https:\/\/eldiariodesanpedro.com.ar\/sitio\/wp-json\/wp\/v2\/posts"}],"about":[{"href":"https:\/\/eldiariodesanpedro.com.ar\/sitio\/wp-json\/wp\/v2\/types\/post"}],"author":[{"embeddable":true,"href":"https:\/\/eldiariodesanpedro.com.ar\/sitio\/wp-json\/wp\/v2\/users\/4"}],"replies":[{"embeddable":true,"href":"https:\/\/eldiariodesanpedro.com.ar\/sitio\/wp-json\/wp\/v2\/comments?post=34951"}],"version-history":[{"count":1,"href":"https:\/\/eldiariodesanpedro.com.ar\/sitio\/wp-json\/wp\/v2\/posts\/34951\/revisions"}],"predecessor-version":[{"id":34958,"href":"https:\/\/eldiariodesanpedro.com.ar\/sitio\/wp-json\/wp\/v2\/posts\/34951\/revisions\/34958"}],"wp:featuredmedia":[{"embeddable":true,"href":"https:\/\/eldiariodesanpedro.com.ar\/sitio\/wp-json\/wp\/v2\/media\/34954"}],"wp:attachment":[{"href":"https:\/\/eldiariodesanpedro.com.ar\/sitio\/wp-json\/wp\/v2\/media?parent=34951"}],"wp:term":[{"taxonomy":"category","embeddable":true,"href":"https:\/\/eldiariodesanpedro.com.ar\/sitio\/wp-json\/wp\/v2\/categories?post=34951"},{"taxonomy":"post_tag","embeddable":true,"href":"https:\/\/eldiariodesanpedro.com.ar\/sitio\/wp-json\/wp\/v2\/tags?post=34951"}],"curies":[{"name":"wp","href":"https:\/\/api.w.org\/{rel}","templated":true}]}}