{"id":34948,"date":"2018-06-17T20:27:09","date_gmt":"2018-06-17T23:27:09","guid":{"rendered":"https:\/\/eldiariodesanpedro.com.ar\/sitio\/?p=34948"},"modified":"2018-06-17T20:27:09","modified_gmt":"2018-06-17T23:27:09","slug":"zarate-la-sapem-se-hara-cargo-del-transporte-publico-de-pasajeros-a-partir-de-diciembre","status":"publish","type":"post","link":"https:\/\/eldiariodesanpedro.com.ar\/sitio\/zarate-la-sapem-se-hara-cargo-del-transporte-publico-de-pasajeros-a-partir-de-diciembre\/","title":{"rendered":"Z\u00c1RATE: La SAPEM se har\u00e1 cargo del transporte p\u00fablico de pasajeros a partir de diciembre"},"content":{"rendered":"<p><!-- VideographyWP Plugin Message: Automatic video embedding prevented by plugin options. --><br \/>\nCon una votaci\u00f3n que dio como resultado 11 a 4 a favor, fue derogada la Ordenanza 2841\/93 que otorgaba la concesi\u00f3n del servicio p\u00fablico de pasajeros a Cooperativa 3 de Julio; de esta manera la entidad cooperativista dejar\u00e1 de prestar el servicio.<\/p>\n<p>  Por otra parte tambi\u00e9n se aprob\u00f3 la Ordenanza que autoriza a la SAPEM a hacerse cargo del transporte a partir del 10 de diciembre pr\u00f3ximo y al pedido de Leasing por 133 millones de pesos para la compra de 36 unidades 0 km que conformaran la nueva flota.<\/p>\n<p>  Estuvieron ausentes en el recinto los ediles Jos\u00e9 Bugatto, Mar\u00eda Hayde\u00e9 Romero, Marcelo Vaccaiani, del bloque PJ \u2013 Unidad Ciudadana, Edgardo Avigliano de Nuevo Z\u00e1rate y Juli\u00e1n Guelvenz\u00fa de Cambiemos.<\/p>\n<p>  Los cuatro votos en contra de lo resuelto fueron de Lucas Castiglioni del monobloque Unidad Ciudadana y otra vez el sector de Cambiemos vot\u00f3 dividido: Mar\u00eda Elena Gallea, Irene Guehenneuf y \u00c1ngel Lavi\u00e9, fueron los que eligieron la negativa.<\/p>\n<p>  La sesi\u00f3n se celebr\u00f3 bajo un importante operativo policial en las inmediaciones del edificio HCD, que incluy\u00f3 el vallado de la calle Brown.<\/p>\n<p>Fuente: Enlace Cr\u00edtico<\/p>\n","protected":false},"excerpt":{"rendered":"<p>Con una votaci\u00f3n que dio como resultado 11 a 4 a favor, fue derogada la Ordenanza 2841\/93 que otorgaba la concesi\u00f3n del servicio p\u00fablico de pasajeros a Cooperativa 3 de Julio; de esta manera la entidad cooperativista dejar\u00e1 de prestar el servicio. Por otra parte tambi\u00e9n se aprob\u00f3 la Ordenanza que autoriza a la SAPEM [&hellip;]<\/p>\n","protected":false},"author":4,"featured_media":34950,"comment_status":"open","ping_status":"closed","sticky":false,"template":"","format":"standard","meta":{"om_disable_all_campaigns":false,"_jetpack_memberships_contains_paid_content":false,"footnotes":""},"categories":[621],"tags":[],"class_list":["post-34948","post","type-post","status-publish","format-standard","has-post-thumbnail","hentry","category-regionales"],"aioseo_notices":[],"gutentor_comment":0,"jetpack_featured_media_url":"https:\/\/eldiariodesanpedro.com.ar\/sitio\/wp-content\/uploads\/2018\/06\/zarate-hcd.jpg","jetpack_shortlink":"https:\/\/wp.me\/p6RhLt-95G","jetpack_sharing_enabled":true,"_links":{"self":[{"href":"https:\/\/eldiariodesanpedro.com.ar\/sitio\/wp-json\/wp\/v2\/posts\/34948","targetHints":{"allow":["GET"]}}],"collection":[{"href":"https:\/\/eldiariodesanpedro.com.ar\/sitio\/wp-json\/wp\/v2\/posts"}],"about":[{"href":"https:\/\/eldiariodesanpedro.com.ar\/sitio\/wp-json\/wp\/v2\/types\/post"}],"author":[{"embeddable":true,"href":"https:\/\/eldiariodesanpedro.com.ar\/sitio\/wp-json\/wp\/v2\/users\/4"}],"replies":[{"embeddable":true,"href":"https:\/\/eldiariodesanpedro.com.ar\/sitio\/wp-json\/wp\/v2\/comments?post=34948"}],"version-history":[{"count":1,"href":"https:\/\/eldiariodesanpedro.com.ar\/sitio\/wp-json\/wp\/v2\/posts\/34948\/revisions"}],"predecessor-version":[{"id":34952,"href":"https:\/\/eldiariodesanpedro.com.ar\/sitio\/wp-json\/wp\/v2\/posts\/34948\/revisions\/34952"}],"wp:featuredmedia":[{"embeddable":true,"href":"https:\/\/eldiariodesanpedro.com.ar\/sitio\/wp-json\/wp\/v2\/media\/34950"}],"wp:attachment":[{"href":"https:\/\/eldiariodesanpedro.com.ar\/sitio\/wp-json\/wp\/v2\/media?parent=34948"}],"wp:term":[{"taxonomy":"category","embeddable":true,"href":"https:\/\/eldiariodesanpedro.com.ar\/sitio\/wp-json\/wp\/v2\/categories?post=34948"},{"taxonomy":"post_tag","embeddable":true,"href":"https:\/\/eldiariodesanpedro.com.ar\/sitio\/wp-json\/wp\/v2\/tags?post=34948"}],"curies":[{"name":"wp","href":"https:\/\/api.w.org\/{rel}","templated":true}]}}