{"id":34945,"date":"2018-06-17T20:25:40","date_gmt":"2018-06-17T23:25:40","guid":{"rendered":"https:\/\/eldiariodesanpedro.com.ar\/sitio\/?p=34945"},"modified":"2018-06-17T20:25:40","modified_gmt":"2018-06-17T23:25:40","slug":"baradero-le-piden-a-antonijevic-que-se-deje-de-amiguismos-politicos","status":"publish","type":"post","link":"https:\/\/eldiariodesanpedro.com.ar\/sitio\/baradero-le-piden-a-antonijevic-que-se-deje-de-amiguismos-politicos\/","title":{"rendered":"BARADERO: Le piden a Antonijevic que \u201cse deje de amiguismos pol\u00edticos"},"content":{"rendered":"<p><!-- VideographyWP Plugin Message: Automatic video embedding prevented by plugin options. --><br \/>\nMientras se preguntan \u201c\u00bfd\u00f3nde est\u00e1 el Cambiemos que iban a gobernar?\u201d.<\/p>\n<p>El Concejal del Frente Renovador Peronista, Juan Domingo \u201cPeteco\u201d Morales, lanz\u00f3 fuertes cr\u00edticas al gobierno de la Intendente Fernanda Antonijevic de Baradero.<\/p>\n<p>  Los cuestionamientos del edil fueron en varios aspectos, pero entre ellos grafic\u00f3: \u201cNo pueden ordenar el tr\u00e1nsito en las escuelas\u201d al tiempo que se pregunt\u00f3: \u201c\u00bfD\u00f3nde est\u00e1 el Cambiemos que iban a gobernar?\u201d y haciendo alusi\u00f3n a la situaci\u00f3n que en general se vive en Baradero insisti\u00f3: \u201cEl pueblo est\u00e1 triste, abandonado y sucio\u201d.<\/p>\n<p>  Por otra parte, el Concejal carg\u00f3 contra el gobierno municipal a prop\u00f3sito de una serie de irregularidades en las que estar\u00eda incurriendo el Director del Hospital municipal Lino Pi\u00f1eiro, Mariano Davio.<\/p>\n<p>  \u201cPor qu\u00e9 no investigan a este \u2018excremento de la sociedad\u2019 que se roba la plata, se rob\u00f3 las guardias, la mujer no trabaja\u201d, dijo apuntando contra Davio. En tanto que pidi\u00f3 \u201cla renuncia de este in\u00fatil que est\u00e1 en el Hospital\u201d.<br \/>\n  Y elevando su reclamo a Antonijevic, Morales enfatiz\u00f3: \u201cLe digo a la Intendente que se deje de amiguismos pol\u00edticos, que tome decisiones de cambiar\u00bb.<\/p>\n<p>  \u201cSi tiene intenciones de seguir 4 a\u00f1os m\u00e1s, que cambie y que busque un buen equipo que la acompa\u00f1e\u201d, resumi\u00f3 en di\u00e1logo con FM Del Cielo Baradero.<\/p>\n<p>Fuente: Grupo La Provincia<\/p>\n","protected":false},"excerpt":{"rendered":"<p>Mientras se preguntan \u201c\u00bfd\u00f3nde est\u00e1 el Cambiemos que iban a gobernar?\u201d. El Concejal del Frente Renovador Peronista, Juan Domingo \u201cPeteco\u201d Morales, lanz\u00f3 fuertes cr\u00edticas al gobierno de la Intendente Fernanda Antonijevic de Baradero. Los cuestionamientos del edil fueron en varios aspectos, pero entre ellos grafic\u00f3: \u201cNo pueden ordenar el tr\u00e1nsito en las escuelas\u201d al tiempo [&hellip;]<\/p>\n","protected":false},"author":4,"featured_media":34947,"comment_status":"open","ping_status":"closed","sticky":false,"template":"","format":"standard","meta":{"om_disable_all_campaigns":false,"_jetpack_memberships_contains_paid_content":false,"footnotes":""},"categories":[621],"tags":[],"class_list":["post-34945","post","type-post","status-publish","format-standard","has-post-thumbnail","hentry","category-regionales"],"aioseo_notices":[],"gutentor_comment":0,"jetpack_featured_media_url":"https:\/\/eldiariodesanpedro.com.ar\/sitio\/wp-content\/uploads\/2018\/06\/Antonijevic.jpg","jetpack_shortlink":"https:\/\/wp.me\/p6RhLt-95D","jetpack_sharing_enabled":true,"_links":{"self":[{"href":"https:\/\/eldiariodesanpedro.com.ar\/sitio\/wp-json\/wp\/v2\/posts\/34945","targetHints":{"allow":["GET"]}}],"collection":[{"href":"https:\/\/eldiariodesanpedro.com.ar\/sitio\/wp-json\/wp\/v2\/posts"}],"about":[{"href":"https:\/\/eldiariodesanpedro.com.ar\/sitio\/wp-json\/wp\/v2\/types\/post"}],"author":[{"embeddable":true,"href":"https:\/\/eldiariodesanpedro.com.ar\/sitio\/wp-json\/wp\/v2\/users\/4"}],"replies":[{"embeddable":true,"href":"https:\/\/eldiariodesanpedro.com.ar\/sitio\/wp-json\/wp\/v2\/comments?post=34945"}],"version-history":[{"count":1,"href":"https:\/\/eldiariodesanpedro.com.ar\/sitio\/wp-json\/wp\/v2\/posts\/34945\/revisions"}],"predecessor-version":[{"id":34949,"href":"https:\/\/eldiariodesanpedro.com.ar\/sitio\/wp-json\/wp\/v2\/posts\/34945\/revisions\/34949"}],"wp:featuredmedia":[{"embeddable":true,"href":"https:\/\/eldiariodesanpedro.com.ar\/sitio\/wp-json\/wp\/v2\/media\/34947"}],"wp:attachment":[{"href":"https:\/\/eldiariodesanpedro.com.ar\/sitio\/wp-json\/wp\/v2\/media?parent=34945"}],"wp:term":[{"taxonomy":"category","embeddable":true,"href":"https:\/\/eldiariodesanpedro.com.ar\/sitio\/wp-json\/wp\/v2\/categories?post=34945"},{"taxonomy":"post_tag","embeddable":true,"href":"https:\/\/eldiariodesanpedro.com.ar\/sitio\/wp-json\/wp\/v2\/tags?post=34945"}],"curies":[{"name":"wp","href":"https:\/\/api.w.org\/{rel}","templated":true}]}}