{"id":34940,"date":"2018-06-17T20:22:23","date_gmt":"2018-06-17T23:22:23","guid":{"rendered":"https:\/\/eldiariodesanpedro.com.ar\/sitio\/?p=34940"},"modified":"2018-06-17T20:22:23","modified_gmt":"2018-06-17T23:22:23","slug":"ramallo-una-familia-vive-en-la-total-indigencia-y-necesita-ayuda","status":"publish","type":"post","link":"https:\/\/eldiariodesanpedro.com.ar\/sitio\/ramallo-una-familia-vive-en-la-total-indigencia-y-necesita-ayuda\/","title":{"rendered":"RAMALLO: Una familia vive en la total indigencia y necesita ayuda"},"content":{"rendered":"<p><!-- VideographyWP Plugin Message: Automatic video embedding prevented by plugin options. --><br \/>\nLa situaci\u00f3n que est\u00e1n viviendo Sandra Acu\u00f1a, sus tres peque\u00f1os hijos y un hermano de 13 a\u00f1os, es inhumana. Su casa es una casilla de madera y chapas, sin piso ni puertas, y comen por la solidaridad de los vecinos. Ella dice que quedaron en la calle porque fue estafada por su hermano, que le vendi\u00f3 la casa en la que viv\u00edan.<\/p>\n<p>  Sandra Acu\u00f1a, sus tres hijos de entre 1 y 6 a\u00f1os y su hermano de 13, necesitan de la solidaridad del pueblo de Ramallo y la regi\u00f3n. Viven en una humilde casilla de madera y chapas, que los vecinos les armaron en un terreno de barrio Valle de Oro en condiciones inhumanas, y las necesidades son muchas. <\/p>\n<p>  La mujer, rodeada de sus hijos, cont\u00f3 que se qued\u00f3 en la calle hace un tiempo porque un hermano con el que viv\u00eda aprovecho que ella estuvo fuera de la casa por problemas de salud de su hija y se la vendi\u00f3 \u201cpor una moto y droga\u201d, asever\u00f3 ella ante EL NORTE en la fr\u00eda ma\u00f1ana del s\u00e1bado. \u201cMi hermano estuvo m\u00e1s tiempo preso que en libertad, y en una oportunidad aprovech\u00f3 que yo estaba en el hospital por problemas de salud de mi nena para vender la casa por una moto y droga. Cuando volv\u00ed no pude entrar, perd\u00ed todo lo que ten\u00eda, y qued\u00e9 en la calle. Ahora estoy en juicio contra \u00e9l y tambi\u00e9n de la familia que vive ahora ah\u00ed porque lo que hicieron fue una estafa. Encima me tuve que aguantar que me amenacen\u201d, dijo visiblemente dolorida por la situaci\u00f3n que est\u00e1n viviendo.<\/p>\n<p>  Hasta hace pocos d\u00edas viv\u00eda en la casa de su abuela y desde la Municipalidad de Ramallo le hab\u00edan entregado un subsidio para poder construir una pieza en el mismo terreno. Pero ese dinero le alcanz\u00f3 para los materiales, no encontr\u00f3 a nadie que se lo pudiese construir de manera gratuita y no pudo avanzar en el proyecto. Adem\u00e1s, tuvo diferencias con su abuela y una t\u00eda y, tuvo que dejar el lugar. Qued\u00f3 nuevamente en la calle y una amiga al enterarse de esa situaci\u00f3n le regal\u00f3 una precaria casilla que un grupo de vecinos le arm\u00f3 en un terreno que usurparon en cercan\u00edas del lugar.<\/p>\n<p>  Ella no tiene ning\u00fan tipo de ingresos y vive por la solidaridad de los vecinos y el personal del CEC 801 que se encuentra a pocos metros de donde est\u00e1n viviendo.  \u201cMe qued\u00e9 en la calle, sin nada, y por eso ped\u00ed ayuda por las redes sociales. Ah\u00ed apareci\u00f3 mi amiga a regalarme la casilla, una maestra me regal\u00f3 una cocina para poder darle calor al lugar y despu\u00e9s mucha gente me trajo comida, frazadas y ropa para los chicos. Ahora voy a utilizar los materiales para hacer un piso que nos permita tener algo m\u00e1s digno\u201d.<\/p>\n<p>  Luce entera, respetuosa y agradecida por la ayuda que recibi\u00f3 hasta ahora, pero est\u00e1 muy preocupada por la situaci\u00f3n de sus hijos ante el clima frio de los \u00faltimos d\u00edas. \u201cAntes viv\u00edamos en una carpa atr\u00e1s de la casa de mi abuela y hoy estamos mejor, pero estoy muy preocupada por los chicos. No es bueno para ellos vivir as\u00ed, son muy chicos, y pueda ser que podamos terminar de armar la casilla\u201d, cont\u00f3 al cierre del contacto.<br \/>\n  Las personas que est\u00e9n en condiciones de brindar una ayuda a esta familia se pueden comunicar al tel\u00e9fono celular 3407 \u2013 668157 o al Facebook de Sandra Guadalupe Acu\u00f1a.<\/p>\n<p>Fuente: Diario El Norte<\/p>\n","protected":false},"excerpt":{"rendered":"<p>La situaci\u00f3n que est\u00e1n viviendo Sandra Acu\u00f1a, sus tres peque\u00f1os hijos y un hermano de 13 a\u00f1os, es inhumana. Su casa es una casilla de madera y chapas, sin piso ni puertas, y comen por la solidaridad de los vecinos. Ella dice que quedaron en la calle porque fue estafada por su hermano, que le [&hellip;]<\/p>\n","protected":false},"author":4,"featured_media":34941,"comment_status":"open","ping_status":"closed","sticky":false,"template":"","format":"standard","meta":{"om_disable_all_campaigns":false,"_jetpack_memberships_contains_paid_content":false,"footnotes":""},"categories":[621],"tags":[],"class_list":["post-34940","post","type-post","status-publish","format-standard","has-post-thumbnail","hentry","category-regionales"],"aioseo_notices":[],"gutentor_comment":0,"jetpack_featured_media_url":"https:\/\/eldiariodesanpedro.com.ar\/sitio\/wp-content\/uploads\/2018\/06\/La-familia-y-la-casilla-en-la-que-viven.jpg","jetpack_shortlink":"https:\/\/wp.me\/p6RhLt-95y","jetpack_sharing_enabled":true,"_links":{"self":[{"href":"https:\/\/eldiariodesanpedro.com.ar\/sitio\/wp-json\/wp\/v2\/posts\/34940","targetHints":{"allow":["GET"]}}],"collection":[{"href":"https:\/\/eldiariodesanpedro.com.ar\/sitio\/wp-json\/wp\/v2\/posts"}],"about":[{"href":"https:\/\/eldiariodesanpedro.com.ar\/sitio\/wp-json\/wp\/v2\/types\/post"}],"author":[{"embeddable":true,"href":"https:\/\/eldiariodesanpedro.com.ar\/sitio\/wp-json\/wp\/v2\/users\/4"}],"replies":[{"embeddable":true,"href":"https:\/\/eldiariodesanpedro.com.ar\/sitio\/wp-json\/wp\/v2\/comments?post=34940"}],"version-history":[{"count":1,"href":"https:\/\/eldiariodesanpedro.com.ar\/sitio\/wp-json\/wp\/v2\/posts\/34940\/revisions"}],"predecessor-version":[{"id":34943,"href":"https:\/\/eldiariodesanpedro.com.ar\/sitio\/wp-json\/wp\/v2\/posts\/34940\/revisions\/34943"}],"wp:featuredmedia":[{"embeddable":true,"href":"https:\/\/eldiariodesanpedro.com.ar\/sitio\/wp-json\/wp\/v2\/media\/34941"}],"wp:attachment":[{"href":"https:\/\/eldiariodesanpedro.com.ar\/sitio\/wp-json\/wp\/v2\/media?parent=34940"}],"wp:term":[{"taxonomy":"category","embeddable":true,"href":"https:\/\/eldiariodesanpedro.com.ar\/sitio\/wp-json\/wp\/v2\/categories?post=34940"},{"taxonomy":"post_tag","embeddable":true,"href":"https:\/\/eldiariodesanpedro.com.ar\/sitio\/wp-json\/wp\/v2\/tags?post=34940"}],"curies":[{"name":"wp","href":"https:\/\/api.w.org\/{rel}","templated":true}]}}