{"id":34935,"date":"2018-06-17T18:50:59","date_gmt":"2018-06-17T21:50:59","guid":{"rendered":"https:\/\/eldiariodesanpedro.com.ar\/sitio\/?p=34935"},"modified":"2018-06-17T18:50:59","modified_gmt":"2018-06-17T21:50:59","slug":"se-produjo-un-robo-en-una-vivienda-sobre-la-ruta-nacional-9","status":"publish","type":"post","link":"https:\/\/eldiariodesanpedro.com.ar\/sitio\/se-produjo-un-robo-en-una-vivienda-sobre-la-ruta-nacional-9\/","title":{"rendered":"Se produjo un robo en una vivienda sobre la ruta nacional 9"},"content":{"rendered":"<p><!-- VideographyWP Plugin Message: Automatic video embedding prevented by plugin options. --><br \/>\nA ra\u00edz de un llamado al servicio del 911 se tomo conocimiento que se hab\u00eda cometido un il\u00edcito en Ruta 9 km 168 mano a la ciudad de Buenos Aires, al llegar los efectivos se entrevistaron con una mujer de 26 a\u00f1os de edad que manifiesta que minutos antes momentos que estaba con su familia ingresan al domicilio cinco personas con rostro cubiertos mediante intimidaci\u00f3n con armas le sustraen dinero en efectivo, alimentos y dem\u00e1s, para luego darse a la fuga. <\/p>\n","protected":false},"excerpt":{"rendered":"<p>A ra\u00edz de un llamado al servicio del 911 se tomo conocimiento que se hab\u00eda cometido un il\u00edcito en Ruta 9 km 168 mano a la ciudad de Buenos Aires, al llegar los efectivos se entrevistaron con una mujer de 26 a\u00f1os de edad que manifiesta que minutos antes momentos que estaba con su familia [&hellip;]<\/p>\n","protected":false},"author":4,"featured_media":23313,"comment_status":"open","ping_status":"closed","sticky":false,"template":"","format":"standard","meta":{"om_disable_all_campaigns":false,"_jetpack_memberships_contains_paid_content":false,"footnotes":""},"categories":[2,103],"tags":[],"class_list":["post-34935","post","type-post","status-publish","format-standard","has-post-thumbnail","hentry","category-locales","category-policiales-locales"],"aioseo_notices":[],"gutentor_comment":0,"jetpack_featured_media_url":"https:\/\/eldiariodesanpedro.com.ar\/sitio\/wp-content\/uploads\/2017\/09\/patrulla-nocturna.jpg","jetpack_shortlink":"https:\/\/wp.me\/p6RhLt-95t","jetpack_sharing_enabled":true,"_links":{"self":[{"href":"https:\/\/eldiariodesanpedro.com.ar\/sitio\/wp-json\/wp\/v2\/posts\/34935","targetHints":{"allow":["GET"]}}],"collection":[{"href":"https:\/\/eldiariodesanpedro.com.ar\/sitio\/wp-json\/wp\/v2\/posts"}],"about":[{"href":"https:\/\/eldiariodesanpedro.com.ar\/sitio\/wp-json\/wp\/v2\/types\/post"}],"author":[{"embeddable":true,"href":"https:\/\/eldiariodesanpedro.com.ar\/sitio\/wp-json\/wp\/v2\/users\/4"}],"replies":[{"embeddable":true,"href":"https:\/\/eldiariodesanpedro.com.ar\/sitio\/wp-json\/wp\/v2\/comments?post=34935"}],"version-history":[{"count":1,"href":"https:\/\/eldiariodesanpedro.com.ar\/sitio\/wp-json\/wp\/v2\/posts\/34935\/revisions"}],"predecessor-version":[{"id":34936,"href":"https:\/\/eldiariodesanpedro.com.ar\/sitio\/wp-json\/wp\/v2\/posts\/34935\/revisions\/34936"}],"wp:featuredmedia":[{"embeddable":true,"href":"https:\/\/eldiariodesanpedro.com.ar\/sitio\/wp-json\/wp\/v2\/media\/23313"}],"wp:attachment":[{"href":"https:\/\/eldiariodesanpedro.com.ar\/sitio\/wp-json\/wp\/v2\/media?parent=34935"}],"wp:term":[{"taxonomy":"category","embeddable":true,"href":"https:\/\/eldiariodesanpedro.com.ar\/sitio\/wp-json\/wp\/v2\/categories?post=34935"},{"taxonomy":"post_tag","embeddable":true,"href":"https:\/\/eldiariodesanpedro.com.ar\/sitio\/wp-json\/wp\/v2\/tags?post=34935"}],"curies":[{"name":"wp","href":"https:\/\/api.w.org\/{rel}","templated":true}]}}