{"id":34933,"date":"2018-06-17T18:48:29","date_gmt":"2018-06-17T21:48:29","guid":{"rendered":"https:\/\/eldiariodesanpedro.com.ar\/sitio\/?p=34933"},"modified":"2018-06-17T18:48:29","modified_gmt":"2018-06-17T21:48:29","slug":"una-joven-de-17-anos-aprehendida-tratando-de-robar-pertenencias-de-un-auto","status":"publish","type":"post","link":"https:\/\/eldiariodesanpedro.com.ar\/sitio\/una-joven-de-17-anos-aprehendida-tratando-de-robar-pertenencias-de-un-auto\/","title":{"rendered":"Una joven de 17 a\u00f1os aprehendida tratando de robar pertenencias de un auto"},"content":{"rendered":"<p><!-- VideographyWP Plugin Message: Automatic video embedding prevented by plugin options. --><br \/>\nEl personal de la comisaria local, en intersecci\u00f3n de calle Ayacucho y Combate de Obligado aprehendi\u00f3 a una joven de 17 a\u00f1os y se le secuestro un cuchillo de cocina sin marca visible, con el cual instantes antes intentara forzar puerta de autom\u00f3vil Fiat Palio de color blanco, cual se encontraba estacionado en calle Ayacucho 850. <\/p>\n<p>Es trasladada a la seccional, mantenida comunicaci\u00f3n con Magistrado en intervenci\u00f3n dispone notificaci\u00f3n y posterior entrega a progenitores.<\/p>\n","protected":false},"excerpt":{"rendered":"<p>El personal de la comisaria local, en intersecci\u00f3n de calle Ayacucho y Combate de Obligado aprehendi\u00f3 a una joven de 17 a\u00f1os y se le secuestro un cuchillo de cocina sin marca visible, con el cual instantes antes intentara forzar puerta de autom\u00f3vil Fiat Palio de color blanco, cual se encontraba estacionado en calle Ayacucho [&hellip;]<\/p>\n","protected":false},"author":4,"featured_media":27045,"comment_status":"open","ping_status":"closed","sticky":false,"template":"","format":"standard","meta":{"om_disable_all_campaigns":false,"_jetpack_memberships_contains_paid_content":false,"footnotes":""},"categories":[2,103],"tags":[],"class_list":["post-34933","post","type-post","status-publish","format-standard","has-post-thumbnail","hentry","category-locales","category-policiales-locales"],"aioseo_notices":[],"gutentor_comment":0,"jetpack_featured_media_url":"https:\/\/eldiariodesanpedro.com.ar\/sitio\/wp-content\/uploads\/2017\/12\/Detenida.jpg","jetpack_shortlink":"https:\/\/wp.me\/p6RhLt-95r","jetpack_sharing_enabled":true,"_links":{"self":[{"href":"https:\/\/eldiariodesanpedro.com.ar\/sitio\/wp-json\/wp\/v2\/posts\/34933","targetHints":{"allow":["GET"]}}],"collection":[{"href":"https:\/\/eldiariodesanpedro.com.ar\/sitio\/wp-json\/wp\/v2\/posts"}],"about":[{"href":"https:\/\/eldiariodesanpedro.com.ar\/sitio\/wp-json\/wp\/v2\/types\/post"}],"author":[{"embeddable":true,"href":"https:\/\/eldiariodesanpedro.com.ar\/sitio\/wp-json\/wp\/v2\/users\/4"}],"replies":[{"embeddable":true,"href":"https:\/\/eldiariodesanpedro.com.ar\/sitio\/wp-json\/wp\/v2\/comments?post=34933"}],"version-history":[{"count":1,"href":"https:\/\/eldiariodesanpedro.com.ar\/sitio\/wp-json\/wp\/v2\/posts\/34933\/revisions"}],"predecessor-version":[{"id":34934,"href":"https:\/\/eldiariodesanpedro.com.ar\/sitio\/wp-json\/wp\/v2\/posts\/34933\/revisions\/34934"}],"wp:featuredmedia":[{"embeddable":true,"href":"https:\/\/eldiariodesanpedro.com.ar\/sitio\/wp-json\/wp\/v2\/media\/27045"}],"wp:attachment":[{"href":"https:\/\/eldiariodesanpedro.com.ar\/sitio\/wp-json\/wp\/v2\/media?parent=34933"}],"wp:term":[{"taxonomy":"category","embeddable":true,"href":"https:\/\/eldiariodesanpedro.com.ar\/sitio\/wp-json\/wp\/v2\/categories?post=34933"},{"taxonomy":"post_tag","embeddable":true,"href":"https:\/\/eldiariodesanpedro.com.ar\/sitio\/wp-json\/wp\/v2\/tags?post=34933"}],"curies":[{"name":"wp","href":"https:\/\/api.w.org\/{rel}","templated":true}]}}