{"id":34931,"date":"2018-06-17T18:46:10","date_gmt":"2018-06-17T21:46:10","guid":{"rendered":"https:\/\/eldiariodesanpedro.com.ar\/sitio\/?p=34931"},"modified":"2018-06-17T18:46:10","modified_gmt":"2018-06-17T21:46:10","slug":"detienen-a-alessandroo-wais-profugo-por-el-caso-de-abuso-ocurrido-en-la-quinta-del-nono","status":"publish","type":"post","link":"https:\/\/eldiariodesanpedro.com.ar\/sitio\/detienen-a-alessandroo-wais-profugo-por-el-caso-de-abuso-ocurrido-en-la-quinta-del-nono\/","title":{"rendered":"Detienen a Alessandroo Wais pr\u00f3fugo por el caso de abuso ocurrido en la Quinta del Nono"},"content":{"rendered":"<p><!-- VideographyWP Plugin Message: Automatic video embedding prevented by plugin options. --><br \/>\nFue detenido el joven de 20 a\u00f1os participe del hecho donde varios jovenes abusaron de una pareja de chicos en Marzo de 2015 en la Quinta del Nono.<br \/>\nEste s\u00e1bado fue detenido en la localidad de R\u00edo Tala Sergio Alessandroo Wais, quien estuvo acusado del abuso a una pareja de adolecentes en la Quinta del Nono ubicada en calle Crucero General Belgrano a pocos metros de la ruta 1001 durante la realizaci\u00f3n de un cumplea\u00f1os de 15.<\/p>\n<p>Este joven fue detenido tras estar pr\u00f3fugo luego de haber realizado el hecho hasta que pudo ser aprehendido, luego se lo condeno a 6 a\u00f1os de prisi\u00f3n sin quedar detenido teniendo en cuenta que no era mayor de edad. <\/p>\n<p>Luego al quedar la sentencia firme por la justicia, desde el mes de enero de este a\u00f1o sobre el pesaba pedido de captura activo requerido por el Tribunal de Responsabilidad Penal Juvenil de San Nicol\u00e1s.   <\/p>\n<p>Por lo que el personal de Comisar\u00eda en conjunto con CPR San Pedro, lo intercept\u00f3 en R\u00edo Tala y fue trasladado a Comisar\u00eda. Por ello deber\u00e1 cumplir condena de seis a\u00f1os de prisi\u00f3n efectiva en una Unidad Penal. <\/p>\n","protected":false},"excerpt":{"rendered":"<p>Fue detenido el joven de 20 a\u00f1os participe del hecho donde varios jovenes abusaron de una pareja de chicos en Marzo de 2015 en la Quinta del Nono. Este s\u00e1bado fue detenido en la localidad de R\u00edo Tala Sergio Alessandroo Wais, quien estuvo acusado del abuso a una pareja de adolecentes en la Quinta del [&hellip;]<\/p>\n","protected":false},"author":4,"featured_media":5999,"comment_status":"open","ping_status":"closed","sticky":false,"template":"","format":"standard","meta":{"om_disable_all_campaigns":false,"_jetpack_memberships_contains_paid_content":false,"footnotes":""},"categories":[2,103],"tags":[],"class_list":["post-34931","post","type-post","status-publish","format-standard","has-post-thumbnail","hentry","category-locales","category-policiales-locales"],"aioseo_notices":[],"gutentor_comment":0,"jetpack_featured_media_url":"https:\/\/eldiariodesanpedro.com.ar\/sitio\/wp-content\/uploads\/2016\/07\/cientifica_en_la_quinta_del_nono_7.jpg","jetpack_shortlink":"https:\/\/wp.me\/p6RhLt-95p","jetpack_sharing_enabled":true,"_links":{"self":[{"href":"https:\/\/eldiariodesanpedro.com.ar\/sitio\/wp-json\/wp\/v2\/posts\/34931","targetHints":{"allow":["GET"]}}],"collection":[{"href":"https:\/\/eldiariodesanpedro.com.ar\/sitio\/wp-json\/wp\/v2\/posts"}],"about":[{"href":"https:\/\/eldiariodesanpedro.com.ar\/sitio\/wp-json\/wp\/v2\/types\/post"}],"author":[{"embeddable":true,"href":"https:\/\/eldiariodesanpedro.com.ar\/sitio\/wp-json\/wp\/v2\/users\/4"}],"replies":[{"embeddable":true,"href":"https:\/\/eldiariodesanpedro.com.ar\/sitio\/wp-json\/wp\/v2\/comments?post=34931"}],"version-history":[{"count":1,"href":"https:\/\/eldiariodesanpedro.com.ar\/sitio\/wp-json\/wp\/v2\/posts\/34931\/revisions"}],"predecessor-version":[{"id":34932,"href":"https:\/\/eldiariodesanpedro.com.ar\/sitio\/wp-json\/wp\/v2\/posts\/34931\/revisions\/34932"}],"wp:featuredmedia":[{"embeddable":true,"href":"https:\/\/eldiariodesanpedro.com.ar\/sitio\/wp-json\/wp\/v2\/media\/5999"}],"wp:attachment":[{"href":"https:\/\/eldiariodesanpedro.com.ar\/sitio\/wp-json\/wp\/v2\/media?parent=34931"}],"wp:term":[{"taxonomy":"category","embeddable":true,"href":"https:\/\/eldiariodesanpedro.com.ar\/sitio\/wp-json\/wp\/v2\/categories?post=34931"},{"taxonomy":"post_tag","embeddable":true,"href":"https:\/\/eldiariodesanpedro.com.ar\/sitio\/wp-json\/wp\/v2\/tags?post=34931"}],"curies":[{"name":"wp","href":"https:\/\/api.w.org\/{rel}","templated":true}]}}