{"id":34929,"date":"2018-06-17T18:40:54","date_gmt":"2018-06-17T21:40:54","guid":{"rendered":"https:\/\/eldiariodesanpedro.com.ar\/sitio\/?p=34929"},"modified":"2018-06-17T18:40:54","modified_gmt":"2018-06-17T21:40:54","slug":"una-familia-reduce-a-una-ladrona-dentro-de-su-casa","status":"publish","type":"post","link":"https:\/\/eldiariodesanpedro.com.ar\/sitio\/una-familia-reduce-a-una-ladrona-dentro-de-su-casa\/","title":{"rendered":"Una familia reduce a una ladrona dentro de su casa"},"content":{"rendered":"<p><!-- VideographyWP Plugin Message: Automatic video embedding prevented by plugin options. --><br \/>\nEste s\u00e1bado el personal de la dependencia policial son alertados a trav\u00e9s del servicio 911 se comisionan hasta domicilio en calle Combate de Obligado donde proceden a aprehensi\u00f3n de una mujer de 23 a\u00f1os de edad, quien instantes antes ingresara a un domicilio de una ciudadana de 55 a\u00f1os de edad, sin violencia sustrayendo la suma de $ 2.500, recuperada por v\u00edctima luego de reducir la causante, juntamente con familiares.<\/p>\n<p>Tras testimonios despu\u00e9s de lograr ser aprehendida se sabe que la delincuente exhibiera un arma blanca para intentar darse a la fuga en momentos en que fuera sorprendida. <\/p>\n","protected":false},"excerpt":{"rendered":"<p>Este s\u00e1bado el personal de la dependencia policial son alertados a trav\u00e9s del servicio 911 se comisionan hasta domicilio en calle Combate de Obligado donde proceden a aprehensi\u00f3n de una mujer de 23 a\u00f1os de edad, quien instantes antes ingresara a un domicilio de una ciudadana de 55 a\u00f1os de edad, sin violencia sustrayendo la [&hellip;]<\/p>\n","protected":false},"author":4,"featured_media":20413,"comment_status":"open","ping_status":"closed","sticky":false,"template":"","format":"standard","meta":{"om_disable_all_campaigns":false,"_jetpack_memberships_contains_paid_content":false,"footnotes":""},"categories":[2,103],"tags":[],"class_list":["post-34929","post","type-post","status-publish","format-standard","has-post-thumbnail","hentry","category-locales","category-policiales-locales"],"aioseo_notices":[],"gutentor_comment":0,"jetpack_featured_media_url":"https:\/\/eldiariodesanpedro.com.ar\/sitio\/wp-content\/uploads\/2017\/07\/Mujer-detenida-ilustrativa.jpg","jetpack_shortlink":"https:\/\/wp.me\/p6RhLt-95n","jetpack_sharing_enabled":true,"_links":{"self":[{"href":"https:\/\/eldiariodesanpedro.com.ar\/sitio\/wp-json\/wp\/v2\/posts\/34929","targetHints":{"allow":["GET"]}}],"collection":[{"href":"https:\/\/eldiariodesanpedro.com.ar\/sitio\/wp-json\/wp\/v2\/posts"}],"about":[{"href":"https:\/\/eldiariodesanpedro.com.ar\/sitio\/wp-json\/wp\/v2\/types\/post"}],"author":[{"embeddable":true,"href":"https:\/\/eldiariodesanpedro.com.ar\/sitio\/wp-json\/wp\/v2\/users\/4"}],"replies":[{"embeddable":true,"href":"https:\/\/eldiariodesanpedro.com.ar\/sitio\/wp-json\/wp\/v2\/comments?post=34929"}],"version-history":[{"count":1,"href":"https:\/\/eldiariodesanpedro.com.ar\/sitio\/wp-json\/wp\/v2\/posts\/34929\/revisions"}],"predecessor-version":[{"id":34930,"href":"https:\/\/eldiariodesanpedro.com.ar\/sitio\/wp-json\/wp\/v2\/posts\/34929\/revisions\/34930"}],"wp:featuredmedia":[{"embeddable":true,"href":"https:\/\/eldiariodesanpedro.com.ar\/sitio\/wp-json\/wp\/v2\/media\/20413"}],"wp:attachment":[{"href":"https:\/\/eldiariodesanpedro.com.ar\/sitio\/wp-json\/wp\/v2\/media?parent=34929"}],"wp:term":[{"taxonomy":"category","embeddable":true,"href":"https:\/\/eldiariodesanpedro.com.ar\/sitio\/wp-json\/wp\/v2\/categories?post=34929"},{"taxonomy":"post_tag","embeddable":true,"href":"https:\/\/eldiariodesanpedro.com.ar\/sitio\/wp-json\/wp\/v2\/tags?post=34929"}],"curies":[{"name":"wp","href":"https:\/\/api.w.org\/{rel}","templated":true}]}}