{"id":34927,"date":"2018-06-17T18:38:30","date_gmt":"2018-06-17T21:38:30","guid":{"rendered":"https:\/\/eldiariodesanpedro.com.ar\/sitio\/?p=34927"},"modified":"2018-06-17T18:38:30","modified_gmt":"2018-06-17T21:38:30","slug":"dos-heridos-por-arma-blanca-en-grescas-callejeras","status":"publish","type":"post","link":"https:\/\/eldiariodesanpedro.com.ar\/sitio\/dos-heridos-por-arma-blanca-en-grescas-callejeras\/","title":{"rendered":"Dos heridos por arma blanca en grescas callejeras"},"content":{"rendered":"<p><!-- VideographyWP Plugin Message: Automatic video embedding prevented by plugin options. --><br \/>\nEste viernes se produjeron dos hechos de violencia en ri\u00f1as callejeras en lo que resultaron heridos con armas blancas.<\/p>\n<p>En primer lugar la polic\u00eda toma conocimiento del ingreso a la guardia del hospital local de un masculino con herida de arma blanca, quienes seria identific\u00f3 v\u00edctima masculino de 32 a\u00f1os, cual refiere haber participado de una ri\u00f1a callejera ocurrida frente a su domicilio ubicado en calle Fray Cayetano Rodr\u00edguez al 1000, donde otro masculino de 32 a\u00f1os, con quien mantiene conflicto por transacci\u00f3n comercial, le propino un corte con un cuchillo en el abdomen. <\/p>\n<p>Posteriormente se present\u00f3 espont\u00e1neamente en la dependencia policial el agresor, el cual tambi\u00e9n manifiesta haber participado de una pelea en la v\u00eda p\u00fablica, habiendo resultado lesionado con golpes varios y un corte en cuero cabelludo, adem\u00e1s de reconocer haber cortado a su agresor con un cuchillo.<\/p>\n<p>El otro conflicto se produce el mismo d\u00eda tambi\u00e9n tras el ingreso a la guardia del nosocomio local de un masculino con herida de arma blanca, en este caso se identifica a una v\u00edctima  masculino de 44 a\u00f1os, quien declar\u00f3 haber participado de una ri\u00f1a callejera ocurrida en San Martin S\/N, donde otro ciudadano de 53 a\u00f1os quien resulta ser arriero municipal y le hab\u00eda secuestrado su caballo, tras ser increpado por el hecho en medio de la pelea, este le propino un corte con un cuchillo en el gl\u00fateo. <\/p>\n<p>Posteriormente se present\u00f3 espont\u00e1neamente en la dependencia el agresor empleado municipal de 53 a\u00f1os, el cual tambi\u00e9n manifiesta haber participado de una pelea en la v\u00eda p\u00fablica, habiendo resultado ileso, adem\u00e1s de reconocer haber cortado a su agresor con un cuchillo. <\/p>\n","protected":false},"excerpt":{"rendered":"<p>Este viernes se produjeron dos hechos de violencia en ri\u00f1as callejeras en lo que resultaron heridos con armas blancas. En primer lugar la polic\u00eda toma conocimiento del ingreso a la guardia del hospital local de un masculino con herida de arma blanca, quienes seria identific\u00f3 v\u00edctima masculino de 32 a\u00f1os, cual refiere haber participado de [&hellip;]<\/p>\n","protected":false},"author":4,"featured_media":25808,"comment_status":"open","ping_status":"closed","sticky":false,"template":"","format":"standard","meta":{"om_disable_all_campaigns":false,"_jetpack_memberships_contains_paid_content":false,"footnotes":""},"categories":[2,103],"tags":[],"class_list":["post-34927","post","type-post","status-publish","format-standard","has-post-thumbnail","hentry","category-locales","category-policiales-locales"],"aioseo_notices":[],"gutentor_comment":0,"jetpack_featured_media_url":"https:\/\/eldiariodesanpedro.com.ar\/sitio\/wp-content\/uploads\/2017\/11\/Los-accidentados-fueron-derivados-a-la-Guardia.jpg","jetpack_shortlink":"https:\/\/wp.me\/p6RhLt-95l","jetpack_sharing_enabled":true,"_links":{"self":[{"href":"https:\/\/eldiariodesanpedro.com.ar\/sitio\/wp-json\/wp\/v2\/posts\/34927","targetHints":{"allow":["GET"]}}],"collection":[{"href":"https:\/\/eldiariodesanpedro.com.ar\/sitio\/wp-json\/wp\/v2\/posts"}],"about":[{"href":"https:\/\/eldiariodesanpedro.com.ar\/sitio\/wp-json\/wp\/v2\/types\/post"}],"author":[{"embeddable":true,"href":"https:\/\/eldiariodesanpedro.com.ar\/sitio\/wp-json\/wp\/v2\/users\/4"}],"replies":[{"embeddable":true,"href":"https:\/\/eldiariodesanpedro.com.ar\/sitio\/wp-json\/wp\/v2\/comments?post=34927"}],"version-history":[{"count":1,"href":"https:\/\/eldiariodesanpedro.com.ar\/sitio\/wp-json\/wp\/v2\/posts\/34927\/revisions"}],"predecessor-version":[{"id":34928,"href":"https:\/\/eldiariodesanpedro.com.ar\/sitio\/wp-json\/wp\/v2\/posts\/34927\/revisions\/34928"}],"wp:featuredmedia":[{"embeddable":true,"href":"https:\/\/eldiariodesanpedro.com.ar\/sitio\/wp-json\/wp\/v2\/media\/25808"}],"wp:attachment":[{"href":"https:\/\/eldiariodesanpedro.com.ar\/sitio\/wp-json\/wp\/v2\/media?parent=34927"}],"wp:term":[{"taxonomy":"category","embeddable":true,"href":"https:\/\/eldiariodesanpedro.com.ar\/sitio\/wp-json\/wp\/v2\/categories?post=34927"},{"taxonomy":"post_tag","embeddable":true,"href":"https:\/\/eldiariodesanpedro.com.ar\/sitio\/wp-json\/wp\/v2\/tags?post=34927"}],"curies":[{"name":"wp","href":"https:\/\/api.w.org\/{rel}","templated":true}]}}