{"id":34925,"date":"2018-06-17T18:34:09","date_gmt":"2018-06-17T21:34:09","guid":{"rendered":"https:\/\/eldiariodesanpedro.com.ar\/sitio\/?p=34925"},"modified":"2018-06-17T18:34:09","modified_gmt":"2018-06-17T21:34:09","slug":"dos-motocicletas-robadas-de-la-via-publica","status":"publish","type":"post","link":"https:\/\/eldiariodesanpedro.com.ar\/sitio\/dos-motocicletas-robadas-de-la-via-publica\/","title":{"rendered":"Dos motocicletas robadas de la via publica"},"content":{"rendered":"<p><!-- VideographyWP Plugin Message: Automatic video embedding prevented by plugin options. --><br \/>\nEste viernes se recibi\u00f3 la denuncia de un masculino de 26 a\u00f1os, quien en horas del mediod\u00eda al salir del interior de domicilio ubicado en Calle Lavalle casi Las Provincias constata la faltante de una motocicleta marca Mondial 110 cc color roja y negra que autores ignorados habr\u00edan sustra\u00eddo sin ejercer violencia.<\/p>\n<p>En otra oportunidad se denuncio en la comisaria local de un ciudadano de 24 a\u00f1os, quien en horas de la madrugada del d\u00eda sabado al retirarse del local bailable \u00abCrapzon\u00bb ubicado en Pellegrini entre Obligado y Las Heras constata la faltante de una motocicleta marca Motomel que autores ignorados habr\u00edan sustra\u00eddo sin ejercer violencia. <\/p>\n<p>Imagen Ilustrativa<\/p>\n","protected":false},"excerpt":{"rendered":"<p>Este viernes se recibi\u00f3 la denuncia de un masculino de 26 a\u00f1os, quien en horas del mediod\u00eda al salir del interior de domicilio ubicado en Calle Lavalle casi Las Provincias constata la faltante de una motocicleta marca Mondial 110 cc color roja y negra que autores ignorados habr\u00edan sustra\u00eddo sin ejercer violencia. En otra oportunidad [&hellip;]<\/p>\n","protected":false},"author":4,"featured_media":29974,"comment_status":"open","ping_status":"closed","sticky":false,"template":"","format":"standard","meta":{"om_disable_all_campaigns":false,"_jetpack_memberships_contains_paid_content":false,"footnotes":""},"categories":[2,103],"tags":[],"class_list":["post-34925","post","type-post","status-publish","format-standard","has-post-thumbnail","hentry","category-locales","category-policiales-locales"],"aioseo_notices":[],"gutentor_comment":0,"jetpack_featured_media_url":"https:\/\/eldiariodesanpedro.com.ar\/sitio\/wp-content\/uploads\/2018\/03\/Camaras-de-CIMoPU-permitieron-detener-a-un-ladron-de-motos.jpeg","jetpack_shortlink":"https:\/\/wp.me\/p6RhLt-95j","jetpack_sharing_enabled":true,"_links":{"self":[{"href":"https:\/\/eldiariodesanpedro.com.ar\/sitio\/wp-json\/wp\/v2\/posts\/34925","targetHints":{"allow":["GET"]}}],"collection":[{"href":"https:\/\/eldiariodesanpedro.com.ar\/sitio\/wp-json\/wp\/v2\/posts"}],"about":[{"href":"https:\/\/eldiariodesanpedro.com.ar\/sitio\/wp-json\/wp\/v2\/types\/post"}],"author":[{"embeddable":true,"href":"https:\/\/eldiariodesanpedro.com.ar\/sitio\/wp-json\/wp\/v2\/users\/4"}],"replies":[{"embeddable":true,"href":"https:\/\/eldiariodesanpedro.com.ar\/sitio\/wp-json\/wp\/v2\/comments?post=34925"}],"version-history":[{"count":1,"href":"https:\/\/eldiariodesanpedro.com.ar\/sitio\/wp-json\/wp\/v2\/posts\/34925\/revisions"}],"predecessor-version":[{"id":34926,"href":"https:\/\/eldiariodesanpedro.com.ar\/sitio\/wp-json\/wp\/v2\/posts\/34925\/revisions\/34926"}],"wp:featuredmedia":[{"embeddable":true,"href":"https:\/\/eldiariodesanpedro.com.ar\/sitio\/wp-json\/wp\/v2\/media\/29974"}],"wp:attachment":[{"href":"https:\/\/eldiariodesanpedro.com.ar\/sitio\/wp-json\/wp\/v2\/media?parent=34925"}],"wp:term":[{"taxonomy":"category","embeddable":true,"href":"https:\/\/eldiariodesanpedro.com.ar\/sitio\/wp-json\/wp\/v2\/categories?post=34925"},{"taxonomy":"post_tag","embeddable":true,"href":"https:\/\/eldiariodesanpedro.com.ar\/sitio\/wp-json\/wp\/v2\/tags?post=34925"}],"curies":[{"name":"wp","href":"https:\/\/api.w.org\/{rel}","templated":true}]}}