{"id":34917,"date":"2018-06-17T18:22:16","date_gmt":"2018-06-17T21:22:16","guid":{"rendered":"https:\/\/eldiariodesanpedro.com.ar\/sitio\/?p=34917"},"modified":"2018-06-17T18:28:55","modified_gmt":"2018-06-17T21:28:55","slug":"un-automovil-se-incrusto-en-los-muros-del-estadio-municipal","status":"publish","type":"post","link":"https:\/\/eldiariodesanpedro.com.ar\/sitio\/un-automovil-se-incrusto-en-los-muros-del-estadio-municipal\/","title":{"rendered":"Un autom\u00f3vil se incrusto en los muros del estadio municipal"},"content":{"rendered":"<p><!-- VideographyWP Plugin Message: Automatic video embedding prevented by plugin options. --><br \/>\nNuevamente un autom\u00f3vil se incrusto contra los muros que rodean el estadio municipal tras perder el control del veh\u00edculo sin registrar lesionados.<br \/>\nEn la madrugada del domingo alrededor de la 01:15 hs se produjo un accidente de transito donde un mujer de 25 a\u00f1os de edad que conduc\u00eda un autom\u00f3vil Volkswagen Bora color blanco que circulaba por calle 25 de Mayo por razones que se tratan de establecer pierde el control del mismo y termina incrustado en el muro perimetral del estadio municipal.<\/p>\n<p>La joven de 25 a\u00f1os que era acompa\u00f1ada de una amiga seria la actual pareja del Intendente Cecilio Salazar que hab\u00eda salido a comer con una amiga en un comercio que se encuentra en cercan\u00edas del accidente.<\/p>\n<p>Las dos j\u00f3venes no sufrieron heridas de consideraci\u00f3n, solo fueron trasladadas al nosocomio local para realizar estudios preventivos teniendo en cuenta que fueron golpeadas por los airbags del veh\u00edculo.<\/p>\n<p><img decoding=\"async\" data-attachment-id=\"34922\" data-permalink=\"https:\/\/eldiariodesanpedro.com.ar\/sitio\/un-automovil-se-incrusto-en-los-muros-del-estadio-municipal\/20180617_143054\/\" data-orig-file=\"https:\/\/eldiariodesanpedro.com.ar\/sitio\/wp-content\/uploads\/2018\/06\/20180617_143054-e1529270906367.jpg\" data-orig-size=\"1200,583\" data-comments-opened=\"1\" data-image-meta=\"{&quot;aperture&quot;:&quot;2.4&quot;,&quot;credit&quot;:&quot;&quot;,&quot;camera&quot;:&quot;SM-N950F&quot;,&quot;caption&quot;:&quot;&quot;,&quot;created_timestamp&quot;:&quot;1529245854&quot;,&quot;copyright&quot;:&quot;&quot;,&quot;focal_length&quot;:&quot;6&quot;,&quot;iso&quot;:&quot;25&quot;,&quot;shutter_speed&quot;:&quot;0.0016778523489933&quot;,&quot;title&quot;:&quot;&quot;,&quot;orientation&quot;:&quot;1&quot;}\" data-image-title=\"20180617_143054\" data-image-description=\"\" data-image-caption=\"\" data-large-file=\"https:\/\/eldiariodesanpedro.com.ar\/sitio\/wp-content\/uploads\/2018\/06\/20180617_143054-1024x498.jpg\" class=\"size-large wp-image-34922 aligncenter lazyload\" data-src=\"https:\/\/eldiariodesanpedro.com.ar\/sitio\/wp-content\/uploads\/2018\/06\/20180617_143054-1024x498.jpg\" alt=\"\" width=\"660\" height=\"321\" src=\"data:image\/svg+xml;base64,PHN2ZyB3aWR0aD0iMSIgaGVpZ2h0PSIxIiB4bWxucz0iaHR0cDovL3d3dy53My5vcmcvMjAwMC9zdmciPjwvc3ZnPg==\" style=\"--smush-placeholder-width: 660px; --smush-placeholder-aspect-ratio: 660\/321;\" \/><\/p>\n","protected":false},"excerpt":{"rendered":"<p>Nuevamente un autom\u00f3vil se incrusto contra los muros que rodean el estadio municipal tras perder el control del veh\u00edculo sin registrar lesionados. En la madrugada del domingo alrededor de la 01:15 hs se produjo un accidente de transito donde un mujer de 25 a\u00f1os de edad que conduc\u00eda un autom\u00f3vil Volkswagen Bora color blanco que [&hellip;]<\/p>\n","protected":false},"author":4,"featured_media":34918,"comment_status":"open","ping_status":"closed","sticky":false,"template":"","format":"standard","meta":{"om_disable_all_campaigns":false,"_jetpack_memberships_contains_paid_content":false,"footnotes":""},"categories":[2,103],"tags":[],"class_list":["post-34917","post","type-post","status-publish","format-standard","has-post-thumbnail","hentry","category-locales","category-policiales-locales"],"aioseo_notices":[],"gutentor_comment":0,"jetpack_featured_media_url":"https:\/\/eldiariodesanpedro.com.ar\/sitio\/wp-content\/uploads\/2018\/06\/TAPA.jpeg","jetpack_shortlink":"https:\/\/wp.me\/p6RhLt-95b","jetpack_sharing_enabled":true,"_links":{"self":[{"href":"https:\/\/eldiariodesanpedro.com.ar\/sitio\/wp-json\/wp\/v2\/posts\/34917","targetHints":{"allow":["GET"]}}],"collection":[{"href":"https:\/\/eldiariodesanpedro.com.ar\/sitio\/wp-json\/wp\/v2\/posts"}],"about":[{"href":"https:\/\/eldiariodesanpedro.com.ar\/sitio\/wp-json\/wp\/v2\/types\/post"}],"author":[{"embeddable":true,"href":"https:\/\/eldiariodesanpedro.com.ar\/sitio\/wp-json\/wp\/v2\/users\/4"}],"replies":[{"embeddable":true,"href":"https:\/\/eldiariodesanpedro.com.ar\/sitio\/wp-json\/wp\/v2\/comments?post=34917"}],"version-history":[{"count":3,"href":"https:\/\/eldiariodesanpedro.com.ar\/sitio\/wp-json\/wp\/v2\/posts\/34917\/revisions"}],"predecessor-version":[{"id":34924,"href":"https:\/\/eldiariodesanpedro.com.ar\/sitio\/wp-json\/wp\/v2\/posts\/34917\/revisions\/34924"}],"wp:featuredmedia":[{"embeddable":true,"href":"https:\/\/eldiariodesanpedro.com.ar\/sitio\/wp-json\/wp\/v2\/media\/34918"}],"wp:attachment":[{"href":"https:\/\/eldiariodesanpedro.com.ar\/sitio\/wp-json\/wp\/v2\/media?parent=34917"}],"wp:term":[{"taxonomy":"category","embeddable":true,"href":"https:\/\/eldiariodesanpedro.com.ar\/sitio\/wp-json\/wp\/v2\/categories?post=34917"},{"taxonomy":"post_tag","embeddable":true,"href":"https:\/\/eldiariodesanpedro.com.ar\/sitio\/wp-json\/wp\/v2\/tags?post=34917"}],"curies":[{"name":"wp","href":"https:\/\/api.w.org\/{rel}","templated":true}]}}