{"id":34901,"date":"2018-06-16T12:09:54","date_gmt":"2018-06-16T15:09:54","guid":{"rendered":"https:\/\/eldiariodesanpedro.com.ar\/sitio\/?p=34901"},"modified":"2018-06-16T12:09:54","modified_gmt":"2018-06-16T15:09:54","slug":"por-segunda-vez-en-la-semana-robaron-en-la-carniceria-don-isidro","status":"publish","type":"post","link":"https:\/\/eldiariodesanpedro.com.ar\/sitio\/por-segunda-vez-en-la-semana-robaron-en-la-carniceria-don-isidro\/","title":{"rendered":"Por segunda vez en la semana robaron en la carnicer\u00eda Don Isidro"},"content":{"rendered":"<p><!-- VideographyWP Plugin Message: Automatic video embedding prevented by plugin options. --><br \/>\nNuevamente se produjo otro robo en lo que va de la semana en la carnicer\u00eda Don Isidro ubicado en calle Sarmiento al 2231.<\/p>\n<p>El propietario al llegar al lugar constat\u00f3 que hab\u00edan entrado forzando la puerta principal y que se llevaron 1 LCD 32&#8243;, dinero en efectivo que hab\u00eda en la caja registradora y 100 kg de carne faltando costilla, tapa de asado, vac\u00edos; adem\u00e1s los delincuentes provocaron destrozos en el lugar.<\/p>\n<p>Dialogamos con el due\u00f1o y nos cont\u00f3 que cerca de su negocio hay una compra y venta ubicada a una cuadra sobre calle Beaumont donde se rompi\u00f3 a 20 mts aproximadamente una bolsa que ten\u00eda pedazos de carne y marcas de pisadas de personas sobre la vereda entrando a ese lugar.<\/p>\n<p>Agrego tambi\u00e9n \u00abLa denuncia la realice a las 8.00hs de la ma\u00f1ana, les explique y les cont\u00e9 la situaci\u00f3n que estamos viviendo con estos delincuentes, d\u00f3nde estaban las cosas que me robaron y todav\u00eda no he recibido respuesta\u00bb.<\/p>\n<div data-carousel-extra='{&quot;blog_id&quot;:1,&quot;permalink&quot;:&quot;https:\/\/eldiariodesanpedro.com.ar\/sitio\/por-segunda-vez-en-la-semana-robaron-en-la-carniceria-don-isidro\/&quot;}' id='gallery-1' class='gallery galleryid-34901 gallery-columns-3 gallery-size-large'><figure class='gallery-item'>\n\t\t\t<div class='gallery-icon portrait'>\n\t\t\t\t<a href='https:\/\/eldiariodesanpedro.com.ar\/sitio\/wp-content\/uploads\/2018\/06\/WhatsApp-Image-2018-06-16-at-10.44.13.jpeg'><img decoding=\"async\" width=\"640\" height=\"853\" data-src=\"https:\/\/eldiariodesanpedro.com.ar\/sitio\/wp-content\/uploads\/2018\/06\/WhatsApp-Image-2018-06-16-at-10.44.13-768x1024.jpeg\" class=\"attachment-large size-large lazyload\" alt=\"El Diario de San Pedro | Noticias locales y regionales\" data-srcset=\"https:\/\/eldiariodesanpedro.com.ar\/sitio\/wp-content\/uploads\/2018\/06\/WhatsApp-Image-2018-06-16-at-10.44.13-768x1024.jpeg 768w, https:\/\/eldiariodesanpedro.com.ar\/sitio\/wp-content\/uploads\/2018\/06\/WhatsApp-Image-2018-06-16-at-10.44.13-225x300.jpeg 225w, https:\/\/eldiariodesanpedro.com.ar\/sitio\/wp-content\/uploads\/2018\/06\/WhatsApp-Image-2018-06-16-at-10.44.13.jpeg 960w\" data-sizes=\"(max-width: 640px) 100vw, 640px\" data-attachment-id=\"34904\" data-permalink=\"https:\/\/eldiariodesanpedro.com.ar\/sitio\/por-segunda-vez-en-la-semana-robaron-en-la-carniceria-don-isidro\/whatsapp-image-2018-06-16-at-10-44-13\/\" data-orig-file=\"https:\/\/eldiariodesanpedro.com.ar\/sitio\/wp-content\/uploads\/2018\/06\/WhatsApp-Image-2018-06-16-at-10.44.13.jpeg\" data-orig-size=\"960,1280\" data-comments-opened=\"1\" data-image-meta=\"{&quot;aperture&quot;:&quot;0&quot;,&quot;credit&quot;:&quot;&quot;,&quot;camera&quot;:&quot;&quot;,&quot;caption&quot;:&quot;&quot;,&quot;created_timestamp&quot;:&quot;0&quot;,&quot;copyright&quot;:&quot;&quot;,&quot;focal_length&quot;:&quot;0&quot;,&quot;iso&quot;:&quot;0&quot;,&quot;shutter_speed&quot;:&quot;0&quot;,&quot;title&quot;:&quot;&quot;,&quot;orientation&quot;:&quot;0&quot;}\" data-image-title=\"WhatsApp Image 2018-06-16 at 10.44.13\" data-image-description=\"\" data-image-caption=\"\" data-large-file=\"https:\/\/eldiariodesanpedro.com.ar\/sitio\/wp-content\/uploads\/2018\/06\/WhatsApp-Image-2018-06-16-at-10.44.13-768x1024.jpeg\" src=\"data:image\/svg+xml;base64,PHN2ZyB3aWR0aD0iMSIgaGVpZ2h0PSIxIiB4bWxucz0iaHR0cDovL3d3dy53My5vcmcvMjAwMC9zdmciPjwvc3ZnPg==\" style=\"--smush-placeholder-width: 640px; --smush-placeholder-aspect-ratio: 640\/853;\" \/><\/a>\n\t\t\t<\/div><\/figure><figure class='gallery-item'>\n\t\t\t<div class='gallery-icon landscape'>\n\t\t\t\t<a href='https:\/\/eldiariodesanpedro.com.ar\/sitio\/wp-content\/uploads\/2018\/06\/WhatsApp-Image-2018-06-16-at-10.44.12.jpeg'><img decoding=\"async\" width=\"640\" height=\"480\" data-src=\"https:\/\/eldiariodesanpedro.com.ar\/sitio\/wp-content\/uploads\/2018\/06\/WhatsApp-Image-2018-06-16-at-10.44.12-1024x768.jpeg\" class=\"attachment-large size-large lazyload\" alt=\"El Diario de San Pedro | Noticias locales y regionales\" data-srcset=\"https:\/\/eldiariodesanpedro.com.ar\/sitio\/wp-content\/uploads\/2018\/06\/WhatsApp-Image-2018-06-16-at-10.44.12-1024x768.jpeg 1024w, https:\/\/eldiariodesanpedro.com.ar\/sitio\/wp-content\/uploads\/2018\/06\/WhatsApp-Image-2018-06-16-at-10.44.12-300x225.jpeg 300w, https:\/\/eldiariodesanpedro.com.ar\/sitio\/wp-content\/uploads\/2018\/06\/WhatsApp-Image-2018-06-16-at-10.44.12-768x576.jpeg 768w, https:\/\/eldiariodesanpedro.com.ar\/sitio\/wp-content\/uploads\/2018\/06\/WhatsApp-Image-2018-06-16-at-10.44.12.jpeg 1280w\" data-sizes=\"(max-width: 640px) 100vw, 640px\" data-attachment-id=\"34902\" data-permalink=\"https:\/\/eldiariodesanpedro.com.ar\/sitio\/por-segunda-vez-en-la-semana-robaron-en-la-carniceria-don-isidro\/whatsapp-image-2018-06-16-at-10-44-12\/\" data-orig-file=\"https:\/\/eldiariodesanpedro.com.ar\/sitio\/wp-content\/uploads\/2018\/06\/WhatsApp-Image-2018-06-16-at-10.44.12.jpeg\" data-orig-size=\"1280,960\" data-comments-opened=\"1\" data-image-meta=\"{&quot;aperture&quot;:&quot;0&quot;,&quot;credit&quot;:&quot;&quot;,&quot;camera&quot;:&quot;&quot;,&quot;caption&quot;:&quot;&quot;,&quot;created_timestamp&quot;:&quot;0&quot;,&quot;copyright&quot;:&quot;&quot;,&quot;focal_length&quot;:&quot;0&quot;,&quot;iso&quot;:&quot;0&quot;,&quot;shutter_speed&quot;:&quot;0&quot;,&quot;title&quot;:&quot;&quot;,&quot;orientation&quot;:&quot;0&quot;}\" data-image-title=\"WhatsApp Image 2018-06-16 at 10.44.12\" data-image-description=\"\" data-image-caption=\"\" data-large-file=\"https:\/\/eldiariodesanpedro.com.ar\/sitio\/wp-content\/uploads\/2018\/06\/WhatsApp-Image-2018-06-16-at-10.44.12-1024x768.jpeg\" src=\"data:image\/svg+xml;base64,PHN2ZyB3aWR0aD0iMSIgaGVpZ2h0PSIxIiB4bWxucz0iaHR0cDovL3d3dy53My5vcmcvMjAwMC9zdmciPjwvc3ZnPg==\" style=\"--smush-placeholder-width: 640px; --smush-placeholder-aspect-ratio: 640\/480;\" \/><\/a>\n\t\t\t<\/div><\/figure><figure class='gallery-item'>\n\t\t\t<div class='gallery-icon portrait'>\n\t\t\t\t<a href='https:\/\/eldiariodesanpedro.com.ar\/sitio\/wp-content\/uploads\/2018\/06\/WhatsApp-Image-2018-06-16-at-10.44.13-1.jpeg'><img decoding=\"async\" width=\"640\" height=\"853\" data-src=\"https:\/\/eldiariodesanpedro.com.ar\/sitio\/wp-content\/uploads\/2018\/06\/WhatsApp-Image-2018-06-16-at-10.44.13-1-768x1024.jpeg\" class=\"attachment-large size-large lazyload\" alt=\"El Diario de San Pedro | Noticias locales y regionales\" data-srcset=\"https:\/\/eldiariodesanpedro.com.ar\/sitio\/wp-content\/uploads\/2018\/06\/WhatsApp-Image-2018-06-16-at-10.44.13-1.jpeg 768w, https:\/\/eldiariodesanpedro.com.ar\/sitio\/wp-content\/uploads\/2018\/06\/WhatsApp-Image-2018-06-16-at-10.44.13-1-225x300.jpeg 225w\" data-sizes=\"(max-width: 640px) 100vw, 640px\" data-attachment-id=\"34903\" data-permalink=\"https:\/\/eldiariodesanpedro.com.ar\/sitio\/por-segunda-vez-en-la-semana-robaron-en-la-carniceria-don-isidro\/whatsapp-image-2018-06-16-at-10-44-13-1\/\" data-orig-file=\"https:\/\/eldiariodesanpedro.com.ar\/sitio\/wp-content\/uploads\/2018\/06\/WhatsApp-Image-2018-06-16-at-10.44.13-1.jpeg\" data-orig-size=\"768,1024\" data-comments-opened=\"1\" data-image-meta=\"{&quot;aperture&quot;:&quot;0&quot;,&quot;credit&quot;:&quot;&quot;,&quot;camera&quot;:&quot;&quot;,&quot;caption&quot;:&quot;&quot;,&quot;created_timestamp&quot;:&quot;0&quot;,&quot;copyright&quot;:&quot;&quot;,&quot;focal_length&quot;:&quot;0&quot;,&quot;iso&quot;:&quot;0&quot;,&quot;shutter_speed&quot;:&quot;0&quot;,&quot;title&quot;:&quot;&quot;,&quot;orientation&quot;:&quot;0&quot;}\" data-image-title=\"WhatsApp Image 2018-06-16 at 10.44.13 (1)\" data-image-description=\"\" data-image-caption=\"\" data-large-file=\"https:\/\/eldiariodesanpedro.com.ar\/sitio\/wp-content\/uploads\/2018\/06\/WhatsApp-Image-2018-06-16-at-10.44.13-1-768x1024.jpeg\" src=\"data:image\/svg+xml;base64,PHN2ZyB3aWR0aD0iMSIgaGVpZ2h0PSIxIiB4bWxucz0iaHR0cDovL3d3dy53My5vcmcvMjAwMC9zdmciPjwvc3ZnPg==\" style=\"--smush-placeholder-width: 640px; --smush-placeholder-aspect-ratio: 640\/853;\" \/><\/a>\n\t\t\t<\/div><\/figure>\n\t\t<\/div>\n\n","protected":false},"excerpt":{"rendered":"<p>Nuevamente se produjo otro robo en lo que va de la semana en la carnicer\u00eda Don Isidro ubicado en calle Sarmiento al 2231. El propietario al llegar al lugar constat\u00f3 que hab\u00edan entrado forzando la puerta principal y que se llevaron 1 LCD 32&#8243;, dinero en efectivo que hab\u00eda en la caja registradora y 100 [&hellip;]<\/p>\n","protected":false},"author":4,"featured_media":34905,"comment_status":"open","ping_status":"closed","sticky":false,"template":"","format":"standard","meta":{"om_disable_all_campaigns":false,"_jetpack_memberships_contains_paid_content":false,"footnotes":""},"categories":[50,2,103],"tags":[],"class_list":["post-34901","post","type-post","status-publish","format-standard","has-post-thumbnail","hentry","category-destacadas","category-locales","category-policiales-locales"],"aioseo_notices":[],"gutentor_comment":0,"jetpack_featured_media_url":"https:\/\/eldiariodesanpedro.com.ar\/sitio\/wp-content\/uploads\/2018\/06\/WhatsApp-Image-2018-06-16-at-10.44.13-1-1.jpeg","jetpack_shortlink":"https:\/\/wp.me\/p6RhLt-94V","jetpack_sharing_enabled":true,"_links":{"self":[{"href":"https:\/\/eldiariodesanpedro.com.ar\/sitio\/wp-json\/wp\/v2\/posts\/34901","targetHints":{"allow":["GET"]}}],"collection":[{"href":"https:\/\/eldiariodesanpedro.com.ar\/sitio\/wp-json\/wp\/v2\/posts"}],"about":[{"href":"https:\/\/eldiariodesanpedro.com.ar\/sitio\/wp-json\/wp\/v2\/types\/post"}],"author":[{"embeddable":true,"href":"https:\/\/eldiariodesanpedro.com.ar\/sitio\/wp-json\/wp\/v2\/users\/4"}],"replies":[{"embeddable":true,"href":"https:\/\/eldiariodesanpedro.com.ar\/sitio\/wp-json\/wp\/v2\/comments?post=34901"}],"version-history":[{"count":1,"href":"https:\/\/eldiariodesanpedro.com.ar\/sitio\/wp-json\/wp\/v2\/posts\/34901\/revisions"}],"predecessor-version":[{"id":34906,"href":"https:\/\/eldiariodesanpedro.com.ar\/sitio\/wp-json\/wp\/v2\/posts\/34901\/revisions\/34906"}],"wp:featuredmedia":[{"embeddable":true,"href":"https:\/\/eldiariodesanpedro.com.ar\/sitio\/wp-json\/wp\/v2\/media\/34905"}],"wp:attachment":[{"href":"https:\/\/eldiariodesanpedro.com.ar\/sitio\/wp-json\/wp\/v2\/media?parent=34901"}],"wp:term":[{"taxonomy":"category","embeddable":true,"href":"https:\/\/eldiariodesanpedro.com.ar\/sitio\/wp-json\/wp\/v2\/categories?post=34901"},{"taxonomy":"post_tag","embeddable":true,"href":"https:\/\/eldiariodesanpedro.com.ar\/sitio\/wp-json\/wp\/v2\/tags?post=34901"}],"curies":[{"name":"wp","href":"https:\/\/api.w.org\/{rel}","templated":true}]}}