{"id":34899,"date":"2018-06-16T09:48:27","date_gmt":"2018-06-16T12:48:27","guid":{"rendered":"https:\/\/eldiariodesanpedro.com.ar\/sitio\/?p=34899"},"modified":"2018-06-16T09:48:27","modified_gmt":"2018-06-16T12:48:27","slug":"un-joven-de-16-anos-herido-tras-una-rina-en-el-local-nocturno-dubai","status":"publish","type":"post","link":"https:\/\/eldiariodesanpedro.com.ar\/sitio\/un-joven-de-16-anos-herido-tras-una-rina-en-el-local-nocturno-dubai\/","title":{"rendered":"Un joven de 16 a\u00f1os herido tras una ri\u00f1a en el local nocturno Dub\u00e1i"},"content":{"rendered":"<p><!-- VideographyWP Plugin Message: Automatic video embedding prevented by plugin options. --><br \/>\nSe tom\u00f3 conocimiento de un ingreso a la guardia del hospital de un adolescente de 16 a\u00f1os que hab\u00eda participado de una gresca callejera en las puertas del local bailable Dub\u00e1i ubicado en calle Mitre y Arnaldo, al ser golpeado por un grupo de j\u00f3venes mayores de edad .<\/p>\n<p>En la madrugada de este s\u00e1bado, alrededor de las 5.30 hs se produjo una pelea entre un grupo de j\u00f3venes al momento de la salida de las discotecas. <\/p>\n<p>Como resultado de esta ri\u00f1a el menor fue trasladado por el servicio del SAME  a la guardia del Hospital con traumatismo de cr\u00e1neo y heridas cortante donde permanecer\u00e1 en observaci\u00f3n para realizarle una tomograf\u00eda computada.<\/p>\n<p>Adem\u00e1s hubo otros involucrados en la pelea que sufrieron golpes y quemaduras con gas pimientas; uno de ellos permanecer\u00e1 internado en observaci\u00f3n hasta el dia de hoy.<\/p>\n","protected":false},"excerpt":{"rendered":"<p>Se tom\u00f3 conocimiento de un ingreso a la guardia del hospital de un adolescente de 16 a\u00f1os que hab\u00eda participado de una gresca callejera en las puertas del local bailable Dub\u00e1i ubicado en calle Mitre y Arnaldo, al ser golpeado por un grupo de j\u00f3venes mayores de edad . En la madrugada de este s\u00e1bado, [&hellip;]<\/p>\n","protected":false},"author":4,"featured_media":25808,"comment_status":"open","ping_status":"closed","sticky":false,"template":"","format":"standard","meta":{"om_disable_all_campaigns":false,"_jetpack_memberships_contains_paid_content":false,"footnotes":""},"categories":[2,103],"tags":[],"class_list":["post-34899","post","type-post","status-publish","format-standard","has-post-thumbnail","hentry","category-locales","category-policiales-locales"],"aioseo_notices":[],"gutentor_comment":0,"jetpack_featured_media_url":"https:\/\/eldiariodesanpedro.com.ar\/sitio\/wp-content\/uploads\/2017\/11\/Los-accidentados-fueron-derivados-a-la-Guardia.jpg","jetpack_shortlink":"https:\/\/wp.me\/p6RhLt-94T","jetpack_sharing_enabled":true,"_links":{"self":[{"href":"https:\/\/eldiariodesanpedro.com.ar\/sitio\/wp-json\/wp\/v2\/posts\/34899","targetHints":{"allow":["GET"]}}],"collection":[{"href":"https:\/\/eldiariodesanpedro.com.ar\/sitio\/wp-json\/wp\/v2\/posts"}],"about":[{"href":"https:\/\/eldiariodesanpedro.com.ar\/sitio\/wp-json\/wp\/v2\/types\/post"}],"author":[{"embeddable":true,"href":"https:\/\/eldiariodesanpedro.com.ar\/sitio\/wp-json\/wp\/v2\/users\/4"}],"replies":[{"embeddable":true,"href":"https:\/\/eldiariodesanpedro.com.ar\/sitio\/wp-json\/wp\/v2\/comments?post=34899"}],"version-history":[{"count":1,"href":"https:\/\/eldiariodesanpedro.com.ar\/sitio\/wp-json\/wp\/v2\/posts\/34899\/revisions"}],"predecessor-version":[{"id":34900,"href":"https:\/\/eldiariodesanpedro.com.ar\/sitio\/wp-json\/wp\/v2\/posts\/34899\/revisions\/34900"}],"wp:featuredmedia":[{"embeddable":true,"href":"https:\/\/eldiariodesanpedro.com.ar\/sitio\/wp-json\/wp\/v2\/media\/25808"}],"wp:attachment":[{"href":"https:\/\/eldiariodesanpedro.com.ar\/sitio\/wp-json\/wp\/v2\/media?parent=34899"}],"wp:term":[{"taxonomy":"category","embeddable":true,"href":"https:\/\/eldiariodesanpedro.com.ar\/sitio\/wp-json\/wp\/v2\/categories?post=34899"},{"taxonomy":"post_tag","embeddable":true,"href":"https:\/\/eldiariodesanpedro.com.ar\/sitio\/wp-json\/wp\/v2\/tags?post=34899"}],"curies":[{"name":"wp","href":"https:\/\/api.w.org\/{rel}","templated":true}]}}