{"id":34890,"date":"2018-06-15T20:43:09","date_gmt":"2018-06-15T23:43:09","guid":{"rendered":"https:\/\/eldiariodesanpedro.com.ar\/sitio\/?p=34890"},"modified":"2026-01-24T00:13:28","modified_gmt":"2026-01-24T03:13:28","slug":"futbol-local-no-habra-futbol-mayor","status":"publish","type":"post","link":"https:\/\/eldiariodesanpedro.com.ar\/sitio\/futbol-local-no-habra-futbol-mayor\/","title":{"rendered":"F\u00daTBOL LOCAL: No habr\u00e1 f\u00fatbol mayor"},"content":{"rendered":"<p><!-- VideographyWP Plugin Message: Automatic video embedding prevented by plugin options. --><br \/>\n  Qued\u00f3 establecido que el domingo 17 del corriente no se juega la \u00faltima fecha de la ronda clasificatoria por ser el D\u00eda del Padre, pasando en su totalidad para el 20 de junio con horarios unificados en todas las divisiones. S\u00f3lo se disputar\u00e1n los dos partidos pendientes de cuarta y tercera divisi\u00f3n entre Am\u00e9rica y Fundici\u00f3n, el mismo ser\u00e1 hoy a las 14.00 y 15.30 horas en el \u201cPablo Noat\u201d.<\/p>\n","protected":false},"excerpt":{"rendered":"<p>Qued\u00f3 establecido que el domingo 17 del corriente no se juega la \u00faltima fecha de la ronda clasificatoria por ser el D\u00eda del Padre, pasando en su totalidad para el 20 de junio con horarios unificados en todas las divisiones. S\u00f3lo se disputar\u00e1n los dos partidos pendientes de cuarta y tercera divisi\u00f3n entre Am\u00e9rica y [&hellip;]<\/p>\n","protected":false},"author":4,"featured_media":12943,"comment_status":"open","ping_status":"closed","sticky":false,"template":"","format":"standard","meta":{"om_disable_all_campaigns":false,"_jetpack_memberships_contains_paid_content":false,"footnotes":""},"categories":[5],"tags":[],"class_list":["post-34890","post","type-post","status-publish","format-standard","has-post-thumbnail","hentry","category-deportes"],"aioseo_notices":[],"gutentor_comment":0,"jetpack_featured_media_url":"https:\/\/eldiariodesanpedro.com.ar\/sitio\/wp-content\/uploads\/2017\/01\/futbol.jpg","jetpack_shortlink":"https:\/\/wp.me\/p6RhLt-94K","jetpack_sharing_enabled":true,"_links":{"self":[{"href":"https:\/\/eldiariodesanpedro.com.ar\/sitio\/wp-json\/wp\/v2\/posts\/34890","targetHints":{"allow":["GET"]}}],"collection":[{"href":"https:\/\/eldiariodesanpedro.com.ar\/sitio\/wp-json\/wp\/v2\/posts"}],"about":[{"href":"https:\/\/eldiariodesanpedro.com.ar\/sitio\/wp-json\/wp\/v2\/types\/post"}],"author":[{"embeddable":true,"href":"https:\/\/eldiariodesanpedro.com.ar\/sitio\/wp-json\/wp\/v2\/users\/4"}],"replies":[{"embeddable":true,"href":"https:\/\/eldiariodesanpedro.com.ar\/sitio\/wp-json\/wp\/v2\/comments?post=34890"}],"version-history":[{"count":2,"href":"https:\/\/eldiariodesanpedro.com.ar\/sitio\/wp-json\/wp\/v2\/posts\/34890\/revisions"}],"predecessor-version":[{"id":34892,"href":"https:\/\/eldiariodesanpedro.com.ar\/sitio\/wp-json\/wp\/v2\/posts\/34890\/revisions\/34892"}],"wp:featuredmedia":[{"embeddable":true,"href":"https:\/\/eldiariodesanpedro.com.ar\/sitio\/wp-json\/wp\/v2\/media\/12943"}],"wp:attachment":[{"href":"https:\/\/eldiariodesanpedro.com.ar\/sitio\/wp-json\/wp\/v2\/media?parent=34890"}],"wp:term":[{"taxonomy":"category","embeddable":true,"href":"https:\/\/eldiariodesanpedro.com.ar\/sitio\/wp-json\/wp\/v2\/categories?post=34890"},{"taxonomy":"post_tag","embeddable":true,"href":"https:\/\/eldiariodesanpedro.com.ar\/sitio\/wp-json\/wp\/v2\/tags?post=34890"}],"curies":[{"name":"wp","href":"https:\/\/api.w.org\/{rel}","templated":true}]}}